{"id":161378,"date":"2020-05-29T18:33:45","date_gmt":"2020-05-29T21:33:45","guid":{"rendered":"https:\/\/diarioregionaldigital.com.br\/?p=161378"},"modified":"2020-05-29T18:34:31","modified_gmt":"2020-05-29T21:34:31","slug":"prf-prende-3-assaltantes-de-carga-liberta-motorista-ileso-e-recupera-caminhao-e-carga","status":"publish","type":"post","link":"https:\/\/diarioregionaldigital.com.br\/?p=161378","title":{"rendered":"PRF prende 3 assaltantes de carga, liberta motorista ileso e recupera caminh\u00e3o e carga."},"content":{"rendered":"<p><span style=\"font-weight: 400;\">Durante a OPERA\u00c7\u00c3O TAMOIO, em 28\/05\/2020, as 18h00min, na BR040, km 575, Itabirito\/MG, a Pol\u00edcia Rodovi\u00e1ria Federal (PRF) prendeu tr\u00eas indiv\u00edduos que tomaram de assalto um caminh\u00e3o que transportava carga de cigarros da Empresa Souza Cruz, em Santos Dumont\/MG. Os criminosos n\u00e3o conseguiram subtrair a carga mas mantiveram o motorista em seu poder durante a fuga pela BR 040 no sentido Belo Horizonte\/MG. Eles fugiam em dois ve\u00edculos e foram interceptados pela PRF em Itabirito\/MG momento em que o motorista foi libertado. Ambos os ve\u00edculos eram produtos de roubo e portavam placas clonadas. Simultaneamente, uma equipe da PRF de Juiz de Fora\/MG conseguiu localizar o caminh\u00e3o alvo dos assaltantes, constatando que de fato n\u00e3o houve a subtra\u00e7\u00e3o da carga cujo valor \u00e9 de R$630.000,00. Foi localizado ainda, um terceiro ve\u00edculo tamb\u00e9m utilizado na a\u00e7\u00e3o criminosa. Em Cristiano Otoni as equipes da PRF encontraram um caminh\u00e3o, tamb\u00e9m clonado, que seria utilizado para transbordo da carga subtra\u00edda. Ocorr\u00eancia encaminhada para o DEPATRI\/CARGAS da Pol\u00edcia Civil de Belo Horizonte\/MG.<\/span><\/p>\n<p>&nbsp;<\/p>\n<p><strong>Fonte:\u00a0<\/strong>Assessoria<\/p>\n","protected":false},"excerpt":{"rendered":"<p>Durante a OPERA\u00c7\u00c3O TAMOIO, em 28\/05\/2020, as 18h00min, na BR040, km 575, Itabirito\/MG, a Pol\u00edcia Rodovi\u00e1ria Federal (PRF) prendeu tr\u00eas indiv\u00edduos que tomaram de assalto um caminh\u00e3o que transportava carga de cigarros da Empresa Souza Cruz, em Santos Dumont\/MG. Os criminosos n\u00e3o conseguiram subtrair a carga mas mantiveram o motorista em seu poder durante a [&hellip;]<\/p>\n","protected":false},"author":96,"featured_media":161379,"comment_status":"closed","ping_status":"closed","sticky":false,"template":"","format":"standard","meta":{"footnotes":""},"categories":[301,436,439],"tags":[],"class_list":["post-161378","post","type-post","status-publish","format-standard","has-post-thumbnail","hentry","category-artigos-policiais","category-destaque-da-semana","category-ultima-hora"],"_links":{"self":[{"href":"https:\/\/diarioregionaldigital.com.br\/index.php?rest_route=\/wp\/v2\/posts\/161378","targetHints":{"allow":["GET"]}}],"collection":[{"href":"https:\/\/diarioregionaldigital.com.br\/index.php?rest_route=\/wp\/v2\/posts"}],"about":[{"href":"https:\/\/diarioregionaldigital.com.br\/index.php?rest_route=\/wp\/v2\/types\/post"}],"author":[{"embeddable":true,"href":"https:\/\/diarioregionaldigital.com.br\/index.php?rest_route=\/wp\/v2\/users\/96"}],"replies":[{"embeddable":true,"href":"https:\/\/diarioregionaldigital.com.br\/index.php?rest_route=%2Fwp%2Fv2%2Fcomments&post=161378"}],"version-history":[{"count":0,"href":"https:\/\/diarioregionaldigital.com.br\/index.php?rest_route=\/wp\/v2\/posts\/161378\/revisions"}],"wp:featuredmedia":[{"embeddable":true,"href":"https:\/\/diarioregionaldigital.com.br\/index.php?rest_route=\/wp\/v2\/media\/161379"}],"wp:attachment":[{"href":"https:\/\/diarioregionaldigital.com.br\/index.php?rest_route=%2Fwp%2Fv2%2Fmedia&parent=161378"}],"wp:term":[{"taxonomy":"category","embeddable":true,"href":"https:\/\/diarioregionaldigital.com.br\/index.php?rest_route=%2Fwp%2Fv2%2Fcategories&post=161378"},{"taxonomy":"post_tag","embeddable":true,"href":"https:\/\/diarioregionaldigital.com.br\/index.php?rest_route=%2Fwp%2Fv2%2Ftags&post=161378"}],"curies":[{"name":"wp","href":"https:\/\/api.w.org\/{rel}","templated":true}]}}