{"id":161375,"date":"2020-05-29T18:32:34","date_gmt":"2020-05-29T21:32:34","guid":{"rendered":"https:\/\/diarioregionaldigital.com.br\/?p=161375"},"modified":"2020-05-29T18:32:34","modified_gmt":"2020-05-29T21:32:34","slug":"prf-prende-motorista-transportando-grande-quantidade-de-maconha-em-veiculo-de-luxo","status":"publish","type":"post","link":"https:\/\/diarioregionaldigital.com.br\/?p=161375","title":{"rendered":"PRF prende motorista transportando grande quantidade de maconha em ve\u00edculo de luxo."},"content":{"rendered":"<p><span style=\"font-weight: 400;\">Durante a OPERA\u00c7\u00c3O TAMOIO, deflagrada pela PRF, com foco no combate \u00e0 criminalidade, em 29 de maio de 2020, as 16h15min, na BR040, no km 795, em Juiz de Fora, foi dada ordem de parada a um Audi A4, de cor cinza, com placas de Juiz de Fora.<\/span><\/p>\n<p><span style=\"font-weight: 400;\">Ignorando a indica\u00e7\u00e3o dos policiais, para que parasse o ve\u00edculo, o condutor evadiu em alta velocidade e adentrou em uma estrada vicinal, onde tentou abandonar o ve\u00edculo e fugir pela mata.<\/span><\/p>\n<p><span style=\"font-weight: 400;\">O condutor foi alcan\u00e7ado pelos policiais, que o detiveram e retornaram ao ve\u00edculo, onde encontraram diversos embrulhos contendo, segundo o condutor, 200kg de maconha (quantidade a ser confirmada)<\/span><\/p>\n<p><span style=\"font-weight: 400;\">O autor do crime, um homem de 28 anos, residente em Juiz de Fora, recebeu voz de pris\u00e3o em flagrante delito e foi conduzido para a Pol\u00edcia Judici\u00e1ria em Juiz de Fora, juntamente com o ve\u00edculo e os entorpecentes.<\/span><\/p>\n<p>&nbsp;<\/p>\n<p><strong>Fonte:\u00a0<\/strong>Assessoria<\/p>\n","protected":false},"excerpt":{"rendered":"<p>Durante a OPERA\u00c7\u00c3O TAMOIO, deflagrada pela PRF, com foco no combate \u00e0 criminalidade, em 29 de maio de 2020, as 16h15min, na BR040, no km 795, em Juiz de Fora, foi dada ordem de parada a um Audi A4, de cor cinza, com placas de Juiz de Fora. Ignorando a indica\u00e7\u00e3o dos policiais, para que [&hellip;]<\/p>\n","protected":false},"author":96,"featured_media":161376,"comment_status":"closed","ping_status":"closed","sticky":false,"template":"","format":"standard","meta":{"footnotes":""},"categories":[301,436,439],"tags":[],"class_list":["post-161375","post","type-post","status-publish","format-standard","has-post-thumbnail","hentry","category-artigos-policiais","category-destaque-da-semana","category-ultima-hora"],"_links":{"self":[{"href":"https:\/\/diarioregionaldigital.com.br\/index.php?rest_route=\/wp\/v2\/posts\/161375","targetHints":{"allow":["GET"]}}],"collection":[{"href":"https:\/\/diarioregionaldigital.com.br\/index.php?rest_route=\/wp\/v2\/posts"}],"about":[{"href":"https:\/\/diarioregionaldigital.com.br\/index.php?rest_route=\/wp\/v2\/types\/post"}],"author":[{"embeddable":true,"href":"https:\/\/diarioregionaldigital.com.br\/index.php?rest_route=\/wp\/v2\/users\/96"}],"replies":[{"embeddable":true,"href":"https:\/\/diarioregionaldigital.com.br\/index.php?rest_route=%2Fwp%2Fv2%2Fcomments&post=161375"}],"version-history":[{"count":0,"href":"https:\/\/diarioregionaldigital.com.br\/index.php?rest_route=\/wp\/v2\/posts\/161375\/revisions"}],"wp:featuredmedia":[{"embeddable":true,"href":"https:\/\/diarioregionaldigital.com.br\/index.php?rest_route=\/wp\/v2\/media\/161376"}],"wp:attachment":[{"href":"https:\/\/diarioregionaldigital.com.br\/index.php?rest_route=%2Fwp%2Fv2%2Fmedia&parent=161375"}],"wp:term":[{"taxonomy":"category","embeddable":true,"href":"https:\/\/diarioregionaldigital.com.br\/index.php?rest_route=%2Fwp%2Fv2%2Fcategories&post=161375"},{"taxonomy":"post_tag","embeddable":true,"href":"https:\/\/diarioregionaldigital.com.br\/index.php?rest_route=%2Fwp%2Fv2%2Ftags&post=161375"}],"curies":[{"name":"wp","href":"https:\/\/api.w.org\/{rel}","templated":true}]}}