{"id":161372,"date":"2020-05-29T18:30:42","date_gmt":"2020-05-29T21:30:42","guid":{"rendered":"https:\/\/diarioregionaldigital.com.br\/?p=161372"},"modified":"2020-05-29T18:30:42","modified_gmt":"2020-05-29T21:30:42","slug":"coordenacao-municipal-do-pj-realiza-reuniao-online-com-os-representantes-das-escolas","status":"publish","type":"post","link":"https:\/\/diarioregionaldigital.com.br\/?p=161372","title":{"rendered":"Coordena\u00e7\u00e3o municipal do PJ realiza reuni\u00e3o online com os representantes das escolas"},"content":{"rendered":"<p>Os monitores e coordenadores das escolas que integram o Parlamento Jovem (PJ) 2020 em Juiz de Fora realizaram reuni\u00e3o virtual nesta quarta-feira, 26. O objetivo foi apresentar as alternativas que ser\u00e3o utilizadas para fornecer capacita\u00e7\u00e3o aos estudantes durante o per\u00edodo de isolamento social.<\/p>\n<p>O projeto oferece oficinas semanais sobre forma\u00e7\u00e3o pol\u00edtica e exige que os alunos elaborem propostas de lei para um tema espec\u00edfico, que este ano ser\u00e1 \u201cMeio Ambiente e Desenvolvimento Sustent\u00e1vel\u201d. Nesta edi\u00e7\u00e3o, participam do PJ as escolas Henrique Burnier, Governador Juscelino Kubistchek, Ant\u00f4nio Carlos e o Col\u00e9gio dos Santos Anjos.<\/p>\n<p>Diante da impossibilidade de come\u00e7ar as oficinas presenciais, ser\u00e3o disponibilizados v\u00eddeos e podcasts no Facebook e no Instagram do PJ. Os materiais ser\u00e3o produzidos sob supervis\u00e3o dos professores da UFJF Christiane Jalles e Jorge Challoub, e os assuntos abordados ser\u00e3o pol\u00edtica, cidadania e sustentabilidade. Al\u00e9m disso, os v\u00eddeos e podcasts ser\u00e3o enviados para os professores que conduzem o projeto nas escolas participantes.<\/p>\n<p>O coordenador do projeto, S\u00e9rgio Dutra, explica que o conte\u00fado postado nas redes sociais visa a manter o interesse dos alunos nas atividades do PJ enquanto permanece o isolamento social. \u201dQuando for poss\u00edvel a retomada das atividades presenciais, as oficinas nas escolas ser\u00e3o retomadas de forma intensiva para que todo o conte\u00fado programado para promover a capacita\u00e7\u00e3o dos estudantes possa ser assimilado por todos eles, nivelando o acesso \u00e0s informa\u00e7\u00f5es necess\u00e1rias para a participa\u00e7\u00e3o de todos no projeto\u201d, afirma. Portanto, o acompanhamento dos v\u00eddeos e podcasts n\u00e3o determina vantagem no processo de defini\u00e7\u00e3o dos alunos que ser\u00e3o escolhidos para representar Juiz de Fora nas etapas regional e estadual do PJ.<\/p>\n<p>Para o sucesso da organiza\u00e7\u00e3o das atividades, \u00e9 essencial manter o di\u00e1logo entre a coordena\u00e7\u00e3o municipal e os professores que coordenam o projeto nas escolas. Na reuni\u00e3o, ficou definido que as reuni\u00f5es online ser\u00e3o realizadas semanalmente.<\/p>\n<p>&nbsp;<\/p>\n<p><strong>Fonte:\u00a0<\/strong>Assessoria<\/p>\n","protected":false},"excerpt":{"rendered":"<p>Os monitores e coordenadores das escolas que integram o Parlamento Jovem (PJ) 2020 em Juiz de Fora realizaram reuni\u00e3o virtual nesta quarta-feira, 26. O objetivo foi apresentar as alternativas que ser\u00e3o utilizadas para fornecer capacita\u00e7\u00e3o aos estudantes durante o per\u00edodo de isolamento social. O projeto oferece oficinas semanais sobre forma\u00e7\u00e3o pol\u00edtica e exige que os [&hellip;]<\/p>\n","protected":false},"author":96,"featured_media":161373,"comment_status":"closed","ping_status":"closed","sticky":false,"template":"","format":"standard","meta":{"footnotes":""},"categories":[253,436,439],"tags":[],"class_list":["post-161372","post","type-post","status-publish","format-standard","has-post-thumbnail","hentry","category-cidade","category-destaque-da-semana","category-ultima-hora"],"_links":{"self":[{"href":"https:\/\/diarioregionaldigital.com.br\/index.php?rest_route=\/wp\/v2\/posts\/161372","targetHints":{"allow":["GET"]}}],"collection":[{"href":"https:\/\/diarioregionaldigital.com.br\/index.php?rest_route=\/wp\/v2\/posts"}],"about":[{"href":"https:\/\/diarioregionaldigital.com.br\/index.php?rest_route=\/wp\/v2\/types\/post"}],"author":[{"embeddable":true,"href":"https:\/\/diarioregionaldigital.com.br\/index.php?rest_route=\/wp\/v2\/users\/96"}],"replies":[{"embeddable":true,"href":"https:\/\/diarioregionaldigital.com.br\/index.php?rest_route=%2Fwp%2Fv2%2Fcomments&post=161372"}],"version-history":[{"count":0,"href":"https:\/\/diarioregionaldigital.com.br\/index.php?rest_route=\/wp\/v2\/posts\/161372\/revisions"}],"wp:featuredmedia":[{"embeddable":true,"href":"https:\/\/diarioregionaldigital.com.br\/index.php?rest_route=\/wp\/v2\/media\/161373"}],"wp:attachment":[{"href":"https:\/\/diarioregionaldigital.com.br\/index.php?rest_route=%2Fwp%2Fv2%2Fmedia&parent=161372"}],"wp:term":[{"taxonomy":"category","embeddable":true,"href":"https:\/\/diarioregionaldigital.com.br\/index.php?rest_route=%2Fwp%2Fv2%2Fcategories&post=161372"},{"taxonomy":"post_tag","embeddable":true,"href":"https:\/\/diarioregionaldigital.com.br\/index.php?rest_route=%2Fwp%2Fv2%2Ftags&post=161372"}],"curies":[{"name":"wp","href":"https:\/\/api.w.org\/{rel}","templated":true}]}}