{"id":161369,"date":"2020-05-29T18:28:25","date_gmt":"2020-05-29T21:28:25","guid":{"rendered":"https:\/\/diarioregionaldigital.com.br\/?p=161369"},"modified":"2020-05-29T18:28:25","modified_gmt":"2020-05-29T21:28:25","slug":"governo-monitora-interior-com-reunioes-regionalizadas","status":"publish","type":"post","link":"https:\/\/diarioregionaldigital.com.br\/?p=161369","title":{"rendered":"Governo monitora interior com reuni\u00f5es regionalizadas"},"content":{"rendered":"<p><main class=\"clear margin-md-bottom-3\"><\/p>\n<div class=\"clear \">\n<p>A partir desta sexta-feira (29), a Secretaria de Estado de Sa\u00fade de Minas Gerais (SES-MG)\u00a0adota estrat\u00e9gia que objetiva mais celeridade e aproxima\u00e7\u00e3o na reuni\u00e3o de dados sobre a covid-19 nos munic\u00edpios mineiros.<\/p>\n<p>O projeto envolve uma s\u00e9rie de reuni\u00f5es com todos os secret\u00e1rios municipais de Sa\u00fade das Macrorregi\u00f5es Sanit\u00e1rias, com foco na atualiza\u00e7\u00e3o regular dos dados locais.<\/p>\n<p>A primeira reuni\u00e3o do ciclo foi realizada nesta sexta-feira, com gestores de Sa\u00fade das cidades do Vale do A\u00e7o. O an\u00fancio foi feito durante entrevista coletiva virtual, concedida pelo secret\u00e1rio adjunto da SES-MG, Marcelo Cabral, e pelo chefe de gabinete da pasta, Jo\u00e3o Pinho.<\/p>\n<p>Tamb\u00e9m foi feita apresenta\u00e7\u00e3o do cen\u00e1rio epidemiol\u00f3gico, que registra, em Minas Gerais,\u00a0\u00a09.232 casos confirmados da doen\u00e7a, dos quais 4.642 s\u00e3o relativos a pacientes em acompanhamento, e 4.333 classificados como recuperados. H\u00e1, tamb\u00e9m, 257 mortes confirmadas no estado.<\/p>\n<p><b>Minas Consciente<\/b><\/p>\n<p>Durante a coletiva, o secret\u00e1rio adjunto Marcelo Cabral ressaltou a necessidade e import\u00e2ncia de os munic\u00edpios aderirem ao plano Minas Consciente. \u201cA inten\u00e7\u00e3o da SES-MG \u00e9 de sensibilizar os prefeitos da regi\u00e3o do Vale do A\u00e7o para a necessidade de manter o isolamento. Nosso objetivo \u00e9 que n\u00e3o ocorra propaga\u00e7\u00e3o descontrolada da covid-19\u201d, apontou.<\/p>\n<p>Cabral ainda destacou que o monitoramento de dados \u00e9 um fator fundamental para controle da epidemia e lembrou a import\u00e2ncia da atua\u00e7\u00e3o do Centro de Opera\u00e7\u00f5es de Emerg\u00eancia em Sa\u00fade (Coes). \u201cDesde janeiro, eles t\u00eam trabalhado diariamente no monitoramento da covid-19. S\u00f3 por meio de dados seguros e transparentes, da promo\u00e7\u00e3o do isolamento social (adotado desde mar\u00e7o, antes mesmo da ocorr\u00eancia do primeiro caso), conseguimos chegar aos \u00edndices atuais\u201d, analisou.<\/p>\n<p><b>Testes<\/b><\/p>\n<p>Marcelo Cabral tamb\u00e9m fez refer\u00eancia ao quantitativo de insumos para testes enviados ao estado pelo Minist\u00e9rio da Sa\u00fade.\u00a0\u201cPrecisamos entender os n\u00fameros. Vejam que recebemos 160 mil itens de insumos necess\u00e1rios para realiza\u00e7\u00e3o de testes, o que inclui reagentes e\u00a0<em>swab\u00a0<\/em>[cotonete esterilizado]. No entanto, pelo menos tr\u00eas rea\u00e7\u00f5es s\u00e3o utilizadas para cada exame de covid-19 realizado em um paciente. E isso porque tr\u00eas alvos de material gen\u00e9tico do v\u00edrus s\u00e3o testados por pessoa.&#8221;<\/p>\n<p>Segundo Cabral,\u00a0um incremento no quantitativo de testes n\u00e3o vai levar a uma mudan\u00e7a da pol\u00edtica da SES-MG para enfrentamento \u00e0 epidemia. &#8220;Neste momento, estamos dando \u00eanfase \u00e0s medidas de distanciamento e isolamento para conter a pandemia&#8221;.<\/p>\n<p><b>Esclarecimento<\/b><\/p>\n<p>Cabral destaca que, al\u00e9m de testes, o monitoramento da covid-19 no estado tem sido realizado por meio de an\u00e1lises de dados estat\u00edsticos, ocupa\u00e7\u00e3o de leitos e curvas de evolu\u00e7\u00e3o, entre outros mecanismos de verifica\u00e7\u00e3o. &#8220;Al\u00e9m disso, reiteramos que todos os \u00f3bitos suspeitos s\u00e3o testados\u201d.<\/p>\n<p>O secret\u00e1rio adjunto tamb\u00e9m informou sobre a prorroga\u00e7\u00e3o da vacina\u00e7\u00e3o contra a gripe, que vai at\u00e9 o dia 30 de junho. &#8220;At\u00e9 o momento, a campanha atingiu 86,31% de cobertura vacinal de forma geral. A prorroga\u00e7\u00e3o do prazo para a vacina\u00e7\u00e3o \u00e9 mais uma oportunidade para que as pessoas contempladas nos grupos priorit\u00e1rios possam receber a vacina contra a influenza nos servi\u00e7os de Sa\u00fade&#8221;.<\/p>\n<p><b>Minas Consciente<\/b><\/p>\n<p>O chefe de Gabinete da SES-MG, Jo\u00e3o Pinho, lembro que o plano Minas Consciente tem objetivo de dar par\u00e2metros para a popula\u00e7\u00e3o para o que vem sendo chamada de nova normalidade. \u201cN\u00f3s teremos conv\u00edvio com o coronav\u00edrus. Portanto, precisamos de a\u00e7\u00f5es coordenadas entre os munic\u00edpios e seus vizinhos&#8221;.<\/p>\n<p>Ele frisa que o plano\u00a0estabelece protocolos sanit\u00e1rios baseados em indicativos de infec\u00e7\u00e3o por covid-19, entre outros, e tem o objetivo de proteger toda a sociedade. &#8220;Com medidas adequadas, n\u00f3s podemos ter uma redu\u00e7\u00e3o na intensidade da propaga\u00e7\u00e3o da doen\u00e7a\u201d.<\/p>\n<p>Pinho ainda lembrou que o plano \u00e9 estruturado em ondas, que funcionam como fases distintas, nas quais grupos podem retornar \u00e0 atividade a partir de par\u00e2metros espec\u00edficos. \u201cMontamos uma sala de situa\u00e7\u00e3o para monitorar constantemente os dados, para avaliar as Regi\u00f5es de Sa\u00fade e promover a tomada de decis\u00e3o\u201d.<\/p>\n<p>O secret\u00e1rio adjunto Marcelo Cabral adicionou que o Minas Consciente n\u00e3o deve ser interpretado como uma libera\u00e7\u00e3o desordenada para que as pessoas possam ir para as ruas. \u201cTodos necessitamos do nosso ganha p\u00e3o. Mas neste momento temos que conciliar a necessidade de trabalho com a preserva\u00e7\u00e3o da sa\u00fade e da vida&#8221;, encerrou.<\/p>\n<\/div>\n<p>&nbsp;<\/p>\n<p><strong>Fonte:\u00a0<\/strong>Ag\u00eancia Minas<\/p>\n<p><\/main><\/p>\n","protected":false},"excerpt":{"rendered":"<p>A partir desta sexta-feira (29), a Secretaria de Estado de Sa\u00fade de Minas Gerais (SES-MG)\u00a0adota estrat\u00e9gia que objetiva mais celeridade e aproxima\u00e7\u00e3o na reuni\u00e3o de dados sobre a covid-19 nos munic\u00edpios mineiros. O projeto envolve uma s\u00e9rie de reuni\u00f5es com todos os secret\u00e1rios municipais de Sa\u00fade das Macrorregi\u00f5es Sanit\u00e1rias, com foco na atualiza\u00e7\u00e3o regular dos [&hellip;]<\/p>\n","protected":false},"author":96,"featured_media":161370,"comment_status":"closed","ping_status":"closed","sticky":false,"template":"","format":"standard","meta":{"footnotes":""},"categories":[436,254,439],"tags":[],"class_list":["post-161369","post","type-post","status-publish","format-standard","has-post-thumbnail","hentry","category-destaque-da-semana","category-politica","category-ultima-hora"],"_links":{"self":[{"href":"https:\/\/diarioregionaldigital.com.br\/index.php?rest_route=\/wp\/v2\/posts\/161369","targetHints":{"allow":["GET"]}}],"collection":[{"href":"https:\/\/diarioregionaldigital.com.br\/index.php?rest_route=\/wp\/v2\/posts"}],"about":[{"href":"https:\/\/diarioregionaldigital.com.br\/index.php?rest_route=\/wp\/v2\/types\/post"}],"author":[{"embeddable":true,"href":"https:\/\/diarioregionaldigital.com.br\/index.php?rest_route=\/wp\/v2\/users\/96"}],"replies":[{"embeddable":true,"href":"https:\/\/diarioregionaldigital.com.br\/index.php?rest_route=%2Fwp%2Fv2%2Fcomments&post=161369"}],"version-history":[{"count":0,"href":"https:\/\/diarioregionaldigital.com.br\/index.php?rest_route=\/wp\/v2\/posts\/161369\/revisions"}],"wp:featuredmedia":[{"embeddable":true,"href":"https:\/\/diarioregionaldigital.com.br\/index.php?rest_route=\/wp\/v2\/media\/161370"}],"wp:attachment":[{"href":"https:\/\/diarioregionaldigital.com.br\/index.php?rest_route=%2Fwp%2Fv2%2Fmedia&parent=161369"}],"wp:term":[{"taxonomy":"category","embeddable":true,"href":"https:\/\/diarioregionaldigital.com.br\/index.php?rest_route=%2Fwp%2Fv2%2Fcategories&post=161369"},{"taxonomy":"post_tag","embeddable":true,"href":"https:\/\/diarioregionaldigital.com.br\/index.php?rest_route=%2Fwp%2Fv2%2Ftags&post=161369"}],"curies":[{"name":"wp","href":"https:\/\/api.w.org\/{rel}","templated":true}]}}