{"id":161363,"date":"2020-05-29T18:25:40","date_gmt":"2020-05-29T21:25:40","guid":{"rendered":"https:\/\/diarioregionaldigital.com.br\/?p=161363"},"modified":"2020-05-29T18:25:40","modified_gmt":"2020-05-29T21:25:40","slug":"maratona-de-boston-e-cancelada-pela-primeira-vez-desde-1897","status":"publish","type":"post","link":"https:\/\/diarioregionaldigital.com.br\/?p=161363","title":{"rendered":"Maratona de Boston \u00e9 cancelada pela primeira vez desde 1897"},"content":{"rendered":"<p>A mais antiga maratona do planeta tamb\u00e9m foi abatida pela pandemia do novo coronav\u00edrus (Covid-19). No final da noite de dessa quinta-feira (28), os organizadores da Maratona de Boston, nos Estados Unidos, cancelaram a prova deste ano, que j\u00e1 havia sido transferida de 20 de abril para 14 de setembro.<\/p>\n<p>A decis\u00e3o foi tomada ap\u00f3s o prefeito da cidade, capital de Massachusetts, Marty Walsh, admitir a inviabilidade do evento por raz\u00f5es de sa\u00fade p\u00fablica. Desde a primeira edi\u00e7\u00e3o, em 1897, a Maratona de Boston nunca havia deixado de ser realizada.<\/p>\n<p>&#8220;Embora nosso objetivo e nossa esperan\u00e7a sejam progredir na conten\u00e7\u00e3o do v\u00edrus e na recupera\u00e7\u00e3o de nossa economia, esse tipo de evento n\u00e3o seria respons\u00e1vel ou realista em 14 de setembro ou em qualquer \u00e9poca do ano&#8221;, afirmou Walsh, em entrevista coletiva. Ele disse estar preocupado com uma poss\u00edvel segunda onda de casos de Covid-19 na cidade. O estado de Massachusetts registra cerca de 92 mil casos confirmados do novo coronav\u00edrus e mais de 6.300 mortos. Anualmente, a Maratona de Boston re\u00fane cerca de 30 mil corredores.<\/p>\n<p><strong>Maratona virtual<\/strong><\/p>\n<p>A Boston Athletic Association (B.A.A.) anunciou que a 124\u00aa Maratona de Boston ser\u00e1 realizada como um evento virtual. A maratona virtual de Boston ser\u00e1 complementada por uma s\u00e9rie de eventos virtuais durante a segunda semana de setembro.<\/p>\n<p>&#8220;Nossa principal prioridade continua a proteger a sa\u00fade da comunidade, bem como nossa equipe, participantes, volunt\u00e1rios, espectadores e apoiadores&#8221;, disse Tom Grilk, CEO do B.A.A. &#8220;Embora n\u00e3o possamos trazer o mundo para Boston em setembro, planejamos traz\u00ea-lo ao mundo para uma hist\u00f3rica 124\u00aa Maratona de Boston&#8221;.<\/p>\n<p>Todos os participantes que foram originalmente inscritos no evento de 20 de abril de 2020 receber\u00e3o reembolso total da taxa de inscri\u00e7\u00e3o associada \u00e0 corrida e ter\u00e3o a oportunidade de participar da alternativa virtual \u00e0 124\u00aa Maratona de Boston, que pode ser realizada a qualquer momento entre 7 e 14 de setembro. O B.A.A. tamb\u00e9m oferecer\u00e1 uma s\u00e9rie de eventos e atividades virtuais durante a Maratona de setembro, em um esfor\u00e7o para levar a experi\u00eancia da Maratona de Boston aos Estados Unidos e a todo mundo.<\/p>\n<p>As ofertas virtuais para os participantes durante essa semana incluir\u00e3o pain\u00e9is de discuss\u00e3o exclusivos, entrevistas com campe\u00f5es e um kit de ferramentas da Maratona de Boston para download, que inclui elementos de corrida exclusivos, como uma linha de chegada imprim\u00edvel, a parada do vencedor e muito mais. Mais detalhes ser\u00e3o enviados a todos os participantes em um futuro pr\u00f3ximo.<\/p>\n<p>Os participantes da maratona virtual de Boston em 2020 dever\u00e3o completar a dist\u00e2ncia de 42,195km dentro de um per\u00edodo de seis horas e fornecer prova de cronometragem para a BA. Todos os atletas que completarem a corrida virtual receber\u00e3o um programa oficial da Maratona de Boston, camiseta do participante, medalha e babador do corredor.<\/p>\n<p>&nbsp;<\/p>\n<p><strong>Fonte:\u00a0<\/strong>Assessoria<\/p>\n","protected":false},"excerpt":{"rendered":"<p>A mais antiga maratona do planeta tamb\u00e9m foi abatida pela pandemia do novo coronav\u00edrus (Covid-19). No final da noite de dessa quinta-feira (28), os organizadores da Maratona de Boston, nos Estados Unidos, cancelaram a prova deste ano, que j\u00e1 havia sido transferida de 20 de abril para 14 de setembro. A decis\u00e3o foi tomada ap\u00f3s [&hellip;]<\/p>\n","protected":false},"author":96,"featured_media":161364,"comment_status":"closed","ping_status":"closed","sticky":false,"template":"","format":"standard","meta":{"footnotes":""},"categories":[436,257,439],"tags":[],"class_list":["post-161363","post","type-post","status-publish","format-standard","has-post-thumbnail","hentry","category-destaque-da-semana","category-esporte","category-ultima-hora"],"_links":{"self":[{"href":"https:\/\/diarioregionaldigital.com.br\/index.php?rest_route=\/wp\/v2\/posts\/161363","targetHints":{"allow":["GET"]}}],"collection":[{"href":"https:\/\/diarioregionaldigital.com.br\/index.php?rest_route=\/wp\/v2\/posts"}],"about":[{"href":"https:\/\/diarioregionaldigital.com.br\/index.php?rest_route=\/wp\/v2\/types\/post"}],"author":[{"embeddable":true,"href":"https:\/\/diarioregionaldigital.com.br\/index.php?rest_route=\/wp\/v2\/users\/96"}],"replies":[{"embeddable":true,"href":"https:\/\/diarioregionaldigital.com.br\/index.php?rest_route=%2Fwp%2Fv2%2Fcomments&post=161363"}],"version-history":[{"count":0,"href":"https:\/\/diarioregionaldigital.com.br\/index.php?rest_route=\/wp\/v2\/posts\/161363\/revisions"}],"wp:featuredmedia":[{"embeddable":true,"href":"https:\/\/diarioregionaldigital.com.br\/index.php?rest_route=\/wp\/v2\/media\/161364"}],"wp:attachment":[{"href":"https:\/\/diarioregionaldigital.com.br\/index.php?rest_route=%2Fwp%2Fv2%2Fmedia&parent=161363"}],"wp:term":[{"taxonomy":"category","embeddable":true,"href":"https:\/\/diarioregionaldigital.com.br\/index.php?rest_route=%2Fwp%2Fv2%2Fcategories&post=161363"},{"taxonomy":"post_tag","embeddable":true,"href":"https:\/\/diarioregionaldigital.com.br\/index.php?rest_route=%2Fwp%2Fv2%2Ftags&post=161363"}],"curies":[{"name":"wp","href":"https:\/\/api.w.org\/{rel}","templated":true}]}}