{"id":161361,"date":"2020-05-29T18:21:27","date_gmt":"2020-05-29T21:21:27","guid":{"rendered":"https:\/\/diarioregionaldigital.com.br\/?p=161361"},"modified":"2020-05-29T18:21:27","modified_gmt":"2020-05-29T21:21:27","slug":"idosa-de-85-e-mais-uma-vitima-de-coronavirus-em-juiz-de-fora","status":"publish","type":"post","link":"https:\/\/diarioregionaldigital.com.br\/?p=161361","title":{"rendered":"Idosa de 85 \u00e9 mais uma v\u00edtima de Coronav\u00edrus em Juiz de Fora"},"content":{"rendered":"<p>A Secretaria de Sa\u00fade (SS) da Prefeitura de Juiz de Fora (PJF), confirmou em boletim divulgado nesta sexta-feira (29), que Juiz de Fora teve mais uma morte confirmada por Coronav\u00edrus. A v\u00edtima \u00e9 uma idosa dosa de 85 anos que morreu no dia 23 de maio. Ela tinha Doen\u00e7a Cardiovascular Cr\u00f4nica (DCC), marcapasso, Doen\u00e7a Neurol\u00f3gica Cr\u00f4nica (DNC) e pneumopatia cr\u00f4nica. At\u00e9 ent\u00e3o 613 casos est\u00e3o confirmados, 4.558 s\u00e3o suspeitos e 32 mortes confirmadas.<\/p>\n<div><\/div>\n<div class=\"the_champ_sharing_container the_champ_horizontal_sharing\"><\/div>\n","protected":false},"excerpt":{"rendered":"<p>A Secretaria de Sa\u00fade (SS) da Prefeitura de Juiz de Fora (PJF), confirmou em boletim divulgado nesta sexta-feira (29), que Juiz de Fora teve mais uma morte confirmada por Coronav\u00edrus. A v\u00edtima \u00e9 uma idosa dosa de 85 anos que morreu no dia 23 de maio. Ela tinha Doen\u00e7a Cardiovascular Cr\u00f4nica (DCC), marcapasso, Doen\u00e7a Neurol\u00f3gica [&hellip;]<\/p>\n","protected":false},"author":96,"featured_media":160779,"comment_status":"closed","ping_status":"closed","sticky":false,"template":"","format":"standard","meta":{"footnotes":""},"categories":[253,436,440,439],"tags":[],"class_list":["post-161361","post","type-post","status-publish","format-standard","has-post-thumbnail","hentry","category-cidade","category-destaque-da-semana","category-destaques-do-dia","category-ultima-hora"],"_links":{"self":[{"href":"https:\/\/diarioregionaldigital.com.br\/index.php?rest_route=\/wp\/v2\/posts\/161361","targetHints":{"allow":["GET"]}}],"collection":[{"href":"https:\/\/diarioregionaldigital.com.br\/index.php?rest_route=\/wp\/v2\/posts"}],"about":[{"href":"https:\/\/diarioregionaldigital.com.br\/index.php?rest_route=\/wp\/v2\/types\/post"}],"author":[{"embeddable":true,"href":"https:\/\/diarioregionaldigital.com.br\/index.php?rest_route=\/wp\/v2\/users\/96"}],"replies":[{"embeddable":true,"href":"https:\/\/diarioregionaldigital.com.br\/index.php?rest_route=%2Fwp%2Fv2%2Fcomments&post=161361"}],"version-history":[{"count":0,"href":"https:\/\/diarioregionaldigital.com.br\/index.php?rest_route=\/wp\/v2\/posts\/161361\/revisions"}],"wp:featuredmedia":[{"embeddable":true,"href":"https:\/\/diarioregionaldigital.com.br\/index.php?rest_route=\/wp\/v2\/media\/160779"}],"wp:attachment":[{"href":"https:\/\/diarioregionaldigital.com.br\/index.php?rest_route=%2Fwp%2Fv2%2Fmedia&parent=161361"}],"wp:term":[{"taxonomy":"category","embeddable":true,"href":"https:\/\/diarioregionaldigital.com.br\/index.php?rest_route=%2Fwp%2Fv2%2Fcategories&post=161361"},{"taxonomy":"post_tag","embeddable":true,"href":"https:\/\/diarioregionaldigital.com.br\/index.php?rest_route=%2Fwp%2Fv2%2Ftags&post=161361"}],"curies":[{"name":"wp","href":"https:\/\/api.w.org\/{rel}","templated":true}]}}