{"id":161358,"date":"2020-05-29T18:18:57","date_gmt":"2020-05-29T21:18:57","guid":{"rendered":"https:\/\/diarioregionaldigital.com.br\/?p=161358"},"modified":"2020-05-29T18:18:57","modified_gmt":"2020-05-29T21:18:57","slug":"casa-da-mulher-prepara-retomada-do-atendimento","status":"publish","type":"post","link":"https:\/\/diarioregionaldigital.com.br\/?p=161358","title":{"rendered":"Casa da Mulher prepara retomada do atendimento"},"content":{"rendered":"<p>A Casa da Mulher, centro de refer\u00eancia vinculado \u00e0 Secretaria de Governo (SG) da Prefeitura de Juiz de Fora (PJF), retomar\u00e1 as atividades na ter\u00e7a-feira, 2 de junho. Reuni\u00e3o na segunda-feira, 1\u00ba, definir\u00e1 a metodologia para o retorno do atendimento \u00e0s mulheres v\u00edtimas de viol\u00eancia dom\u00e9stica. Os trabalhos foram suspensos em mar\u00e7o, em fun\u00e7\u00e3o das medidas de distanciamento social para combater a propaga\u00e7\u00e3o da covid-19.<\/p>\n<p>\u201cVamos retomar o atendimento de forma gradual, para que possamos atender nosso p\u00fablico e, ao mesmo tempo, resguardar a pr\u00f3pria sa\u00fade das mulheres e de nossa equipe\u201d, explicou a coordenadora da Casa, Maria Luiza Moraes. Neste sentido, a orienta\u00e7\u00e3o \u00e9 para que as pessoas que necessitarem ir ao local utilizem m\u00e1scaras. \u201cPrecisamos estar presentes neste momento complicado, que, para uma v\u00edtima de viol\u00eancia dom\u00e9stica, pode ser ainda mais intenso\u201d, completou a coordenadora.<\/p>\n<p><b>Sete anos de atua\u00e7\u00e3o<\/b><\/p>\n<p>A Casa da Mulher completa sete anos de atua\u00e7\u00e3o em Juiz de Fora nesta sexta-feira, 29, registrando m ais de 1 6 mil atendimentos desde seu lan\u00e7amento, em maio de 2013. A entidade oferece servi\u00e7os e prote\u00e7\u00e3o \u00e0s mulheres, com maior rigor na puni\u00e7\u00e3o a cinco tipos de viol\u00eancia nos \u00e2mbitos dom\u00e9stico e familiar: f\u00edsica, sexual, patrimonial, moral e psicol\u00f3gica. Conta com profissionais para atendimento psicol\u00f3gico, social e orienta\u00e7\u00e3o jur\u00eddica.<\/p>\n<p>&nbsp;<\/p>\n<p><strong>Fonte:<\/strong> Assessoria<\/p>\n","protected":false},"excerpt":{"rendered":"<p>A Casa da Mulher, centro de refer\u00eancia vinculado \u00e0 Secretaria de Governo (SG) da Prefeitura de Juiz de Fora (PJF), retomar\u00e1 as atividades na ter\u00e7a-feira, 2 de junho. Reuni\u00e3o na segunda-feira, 1\u00ba, definir\u00e1 a metodologia para o retorno do atendimento \u00e0s mulheres v\u00edtimas de viol\u00eancia dom\u00e9stica. Os trabalhos foram suspensos em mar\u00e7o, em fun\u00e7\u00e3o das [&hellip;]<\/p>\n","protected":false},"author":96,"featured_media":161359,"comment_status":"closed","ping_status":"closed","sticky":false,"template":"","format":"standard","meta":{"footnotes":""},"categories":[253,436,439],"tags":[],"class_list":["post-161358","post","type-post","status-publish","format-standard","has-post-thumbnail","hentry","category-cidade","category-destaque-da-semana","category-ultima-hora"],"_links":{"self":[{"href":"https:\/\/diarioregionaldigital.com.br\/index.php?rest_route=\/wp\/v2\/posts\/161358","targetHints":{"allow":["GET"]}}],"collection":[{"href":"https:\/\/diarioregionaldigital.com.br\/index.php?rest_route=\/wp\/v2\/posts"}],"about":[{"href":"https:\/\/diarioregionaldigital.com.br\/index.php?rest_route=\/wp\/v2\/types\/post"}],"author":[{"embeddable":true,"href":"https:\/\/diarioregionaldigital.com.br\/index.php?rest_route=\/wp\/v2\/users\/96"}],"replies":[{"embeddable":true,"href":"https:\/\/diarioregionaldigital.com.br\/index.php?rest_route=%2Fwp%2Fv2%2Fcomments&post=161358"}],"version-history":[{"count":0,"href":"https:\/\/diarioregionaldigital.com.br\/index.php?rest_route=\/wp\/v2\/posts\/161358\/revisions"}],"wp:featuredmedia":[{"embeddable":true,"href":"https:\/\/diarioregionaldigital.com.br\/index.php?rest_route=\/wp\/v2\/media\/161359"}],"wp:attachment":[{"href":"https:\/\/diarioregionaldigital.com.br\/index.php?rest_route=%2Fwp%2Fv2%2Fmedia&parent=161358"}],"wp:term":[{"taxonomy":"category","embeddable":true,"href":"https:\/\/diarioregionaldigital.com.br\/index.php?rest_route=%2Fwp%2Fv2%2Fcategories&post=161358"},{"taxonomy":"post_tag","embeddable":true,"href":"https:\/\/diarioregionaldigital.com.br\/index.php?rest_route=%2Fwp%2Fv2%2Ftags&post=161358"}],"curies":[{"name":"wp","href":"https:\/\/api.w.org\/{rel}","templated":true}]}}