{"id":161355,"date":"2020-05-29T18:16:42","date_gmt":"2020-05-29T21:16:42","guid":{"rendered":"https:\/\/diarioregionaldigital.com.br\/?p=161355"},"modified":"2020-05-29T18:16:42","modified_gmt":"2020-05-29T21:16:42","slug":"vereadores-aprovam-obrigatoriedade-de-medicao-de-temperatura-corporal-dos-consumidores-em-supermercados-e-instituicoes-financeiras","status":"publish","type":"post","link":"https:\/\/diarioregionaldigital.com.br\/?p=161355","title":{"rendered":"Vereadores aprovam obrigatoriedade de medi\u00e7\u00e3o de temperatura corporal dos consumidores em supermercados e institui\u00e7\u00f5es financeiras"},"content":{"rendered":"<p><span style=\"font-weight: 400;\">Os parlamentares aprovaram na reuni\u00e3o ordin\u00e1ria dessa sexta-feira (29), o projeto de lei do vereador Marlon Siqueira (PP) que prop\u00f5e a obrigatoriedade de medi\u00e7\u00e3o da temperatura corporal dos consumidores em supermercados, hipermercados e institui\u00e7\u00f5es financeiras. De acordo com a lei, a aferi\u00e7\u00e3o da temperatura corporal somente poder\u00e1 ser feita com term\u00f4metro digital infravermelho que funciona a dist\u00e2ncia, para garantir o menor contato poss\u00edvel entre o profissional e consumidor.\u00a0<\/span><\/p>\n<p><span style=\"font-weight: 400;\">Marlon explica que se a medi\u00e7\u00e3o da temperatura corporal indicar febre (&gt;37,8\u00b0C), o profissional dever\u00e1 impedir o ingresso no interior do estabelecimento e buscar os servi\u00e7os do Disque-Coronav\u00edrus ou Busco Sa\u00fade, a fim de que o consumidor receba os esclarecimentos necess\u00e1rios e orienta\u00e7\u00f5es sobre como proceder em caso de suspeita da doen\u00e7a. O projeto estabelece que o descumprimento das disposi\u00e7\u00f5es desta lei constitui infra\u00e7\u00e3o administrativa, podendo sujeitar o estabelecimento infrator \u00e0 multa de R$ 500,00 a ser recolhida atrav\u00e9s de Documento de Arrecada\u00e7\u00e3o Municipal (DAM), caso seja reincidente, ap\u00f3s aplica\u00e7\u00e3o de advert\u00eancia.\u00a0<\/span><\/p>\n<p>&nbsp;<\/p>\n<p><strong>Fonte:\u00a0<\/strong>Assessoria<\/p>\n","protected":false},"excerpt":{"rendered":"<p>Os parlamentares aprovaram na reuni\u00e3o ordin\u00e1ria dessa sexta-feira (29), o projeto de lei do vereador Marlon Siqueira (PP) que prop\u00f5e a obrigatoriedade de medi\u00e7\u00e3o da temperatura corporal dos consumidores em supermercados, hipermercados e institui\u00e7\u00f5es financeiras. De acordo com a lei, a aferi\u00e7\u00e3o da temperatura corporal somente poder\u00e1 ser feita com term\u00f4metro digital infravermelho que funciona [&hellip;]<\/p>\n","protected":false},"author":96,"featured_media":161356,"comment_status":"closed","ping_status":"closed","sticky":false,"template":"","format":"standard","meta":{"footnotes":""},"categories":[436,254,439],"tags":[],"class_list":["post-161355","post","type-post","status-publish","format-standard","has-post-thumbnail","hentry","category-destaque-da-semana","category-politica","category-ultima-hora"],"_links":{"self":[{"href":"https:\/\/diarioregionaldigital.com.br\/index.php?rest_route=\/wp\/v2\/posts\/161355","targetHints":{"allow":["GET"]}}],"collection":[{"href":"https:\/\/diarioregionaldigital.com.br\/index.php?rest_route=\/wp\/v2\/posts"}],"about":[{"href":"https:\/\/diarioregionaldigital.com.br\/index.php?rest_route=\/wp\/v2\/types\/post"}],"author":[{"embeddable":true,"href":"https:\/\/diarioregionaldigital.com.br\/index.php?rest_route=\/wp\/v2\/users\/96"}],"replies":[{"embeddable":true,"href":"https:\/\/diarioregionaldigital.com.br\/index.php?rest_route=%2Fwp%2Fv2%2Fcomments&post=161355"}],"version-history":[{"count":0,"href":"https:\/\/diarioregionaldigital.com.br\/index.php?rest_route=\/wp\/v2\/posts\/161355\/revisions"}],"wp:featuredmedia":[{"embeddable":true,"href":"https:\/\/diarioregionaldigital.com.br\/index.php?rest_route=\/wp\/v2\/media\/161356"}],"wp:attachment":[{"href":"https:\/\/diarioregionaldigital.com.br\/index.php?rest_route=%2Fwp%2Fv2%2Fmedia&parent=161355"}],"wp:term":[{"taxonomy":"category","embeddable":true,"href":"https:\/\/diarioregionaldigital.com.br\/index.php?rest_route=%2Fwp%2Fv2%2Fcategories&post=161355"},{"taxonomy":"post_tag","embeddable":true,"href":"https:\/\/diarioregionaldigital.com.br\/index.php?rest_route=%2Fwp%2Fv2%2Ftags&post=161355"}],"curies":[{"name":"wp","href":"https:\/\/api.w.org\/{rel}","templated":true}]}}