{"id":161352,"date":"2020-05-29T16:33:31","date_gmt":"2020-05-29T19:33:31","guid":{"rendered":"https:\/\/diarioregionaldigital.com.br\/?p=161352"},"modified":"2020-05-29T16:33:31","modified_gmt":"2020-05-29T19:33:31","slug":"hoteis-passam-a-integrar-a-onda-verde-do-plano-minas-consciente","status":"publish","type":"post","link":"https:\/\/diarioregionaldigital.com.br\/?p=161352","title":{"rendered":"Hot\u00e9is passam a integrar a onda verde do plano Minas Consciente"},"content":{"rendered":"<p>Desde quinta-feira (28), hot\u00e9is e similares\u00a0 passam a integrar a onda verde do plano Minas Consciente, que engloba as atividades essenciais. A decis\u00e3o foi tomada ap\u00f3s apresenta\u00e7\u00e3o de parecer t\u00e9cnico do Comit\u00ea Extraordin\u00e1rio Covid-19 do\u00a0Governo de Minas Gerais.\u00a0A conquista foi alcan\u00e7ada em parceria entre as secretarias de\u00a0Cultura e Turismo (Secult)\u00a0e de\u00a0Desenvolvimento Econ\u00f4mico (Sede), que articularam, junto \u00e0\u00a0Secretaria de de Sa\u00fade (SES)\u00a0e ao Comit\u00ea Extraordin\u00e1rio, a libera\u00e7\u00e3o de protocolos do Minas Consciente que permitam que o setor do turismo volte gradativamente \u00e0s suas atividades com garantia da seguran\u00e7a \u00e0 sa\u00fade de todos os envolvidos. A inclus\u00e3o dos servi\u00e7os de hotelaria foi o primeiro deles.<\/p>\n<p><b>Adapta\u00e7\u00e3o<\/b><\/p>\n<p>O secret\u00e1rio de Estado de Cultura e Turismo, Le\u00f4nidas Oliveira, destaca que a decis\u00e3o foi tomada em considera\u00e7\u00e3o \u00e0 relev\u00e2ncia econ\u00f4mica do setor para o Estado e com base na avalia\u00e7\u00e3o da SES sobre a capacidade de adapta\u00e7\u00e3o dos hot\u00e9is em rela\u00e7\u00e3o \u00e0 higieniza\u00e7\u00e3o e ao distanciamento social. Al\u00e9m disso, o Comit\u00ea Extraordin\u00e1rio Covid-19 enxerga os servi\u00e7os de hospedagem tamb\u00e9m como um instrumento de combate \u00e0 propaga\u00e7\u00e3o do coronav\u00edrus,\u00a0 j\u00e1 que podem ser ocupados como alternativa de moradia\u00a0por profissionais da Sa\u00fade e outras \u00e1reas que trabalham na linha de frente do enfrentamento \u00e0 pandemia.<\/p>\n<p>\u201cEstamos em constante di\u00e1logo com a SES para que tudo seja feito da forma mais segura e consciente poss\u00edvel. Consideramos um avan\u00e7o conseguir fazer com que o setor de hotelaria saia da onda vermelha do Minas Consciente, que representa atividades de alto risco, para a onda verde, dos servi\u00e7os essenciais. Isso significa o in\u00edcio de uma retomada que est\u00e1 sendo muito bem planejada pela Secult, por meio da avalia\u00e7\u00e3o das demandas recebidas de entidades representativas e parceiras da pasta. Refor\u00e7o que todas as propostas est\u00e3o sendo constru\u00eddas em conjunto com os mais diversos atores do turismo em Minas Gerais\u201d, explicou o secret\u00e1rio.<\/p>\n<p><b>Demanda<\/b><\/p>\n<p>Para o secret\u00e1rio-adjunto da Sede, Fernando Passalio, a inclus\u00e3o dos hot\u00e9is na onda de servi\u00e7os essenciais deve-se \u00e0 relev\u00e2ncia desse segmento em diversos aspectos. \u201cNo in\u00edcio, faz\u00edamos ideia de que os servi\u00e7os de hotelaria pudessem atrapalhar o distanciamento social e a conten\u00e7\u00e3o da propaga\u00e7\u00e3o do coronav\u00edrus, por ter muita liga\u00e7\u00e3o com as atividades tur\u00edsticas. Por\u00e9m, depois que a sociedade passou a ter mais consci\u00eancia sobre a import\u00e2ncia do isolamento, deu-se espa\u00e7o para o atendimento \u00e0 demanda do setor hoteleiro, que envolve tantas outras cadeias essenciais da economia. Al\u00e9m disso, muitos setores precisam de hot\u00e9is: m\u00e9dicos precisam viajar e prestadores de servi\u00e7os essenciais tamb\u00e9m, como pessoas que fazem manuten\u00e7\u00e3o de equipamento m\u00e9dico\u201d, afirma.<\/p>\n<p>Como estabelece o Minas Consciente, os munic\u00edpios mineiros t\u00eam total autonomia para decidir sobre a ades\u00e3o ao plano, baseado em protocolos sanit\u00e1rios e outros \u00edndices de monitorameto da pandemia.<\/p>\n<p>Para conhecer detalhes do protocolo sanit\u00e1rio que orienta a retomada do setor, definindo regras de funcionamento, clique aqui. O documento \u00e9 constantemente atualizado de acordo com as avalia\u00e7\u00f5es da Secretaria de Estado de Sa\u00fade.<\/p>\n<p><b>Orienta\u00e7\u00f5es<\/b><\/p>\n<p>O protocolo sanit\u00e1rio dos servi\u00e7os de hotelaria e similares cont\u00e9m mais de 50 orienta\u00e7\u00f5es. Uma delas\u00a0diz respeito \u00e0 perman\u00eancia de funcion\u00e1rios pertencentes ao grupo de risco em trabalho remoto. Outra recomenda\u00e7\u00e3o \u00e9 para que colaboradores que apresentem sintomas de resfriado ou gripe sejam afastados\u00a0 das atividades presenciais pelo per\u00edodo m\u00ednimo de 14 dias. Tamb\u00e9m devem ser respeitados o uso de equipamentos de prote\u00e7\u00e3o individual (EPI\u00b4s), a higieniza\u00e7\u00e3o pessoal com a lavagem correta e constante das m\u00e3os\u00a0e uso de \u00e1lcool 70%, a desinfec\u00e7\u00e3o de ambientes e pr\u00e1ticas de preven\u00e7\u00e3o como distanciamento social, entre outras.<\/p>\n<p>&nbsp;<\/p>\n<p><strong>Fonte:<\/strong> Ag\u00eancia Minas<\/p>\n","protected":false},"excerpt":{"rendered":"<p>Desde quinta-feira (28), hot\u00e9is e similares\u00a0 passam a integrar a onda verde do plano Minas Consciente, que engloba as atividades essenciais. A decis\u00e3o foi tomada ap\u00f3s apresenta\u00e7\u00e3o de parecer t\u00e9cnico do Comit\u00ea Extraordin\u00e1rio Covid-19 do\u00a0Governo de Minas Gerais.\u00a0A conquista foi alcan\u00e7ada em parceria entre as secretarias de\u00a0Cultura e Turismo (Secult)\u00a0e de\u00a0Desenvolvimento Econ\u00f4mico (Sede), que articularam, [&hellip;]<\/p>\n","protected":false},"author":96,"featured_media":161353,"comment_status":"closed","ping_status":"closed","sticky":false,"template":"","format":"standard","meta":{"footnotes":""},"categories":[436,254,439],"tags":[],"class_list":["post-161352","post","type-post","status-publish","format-standard","has-post-thumbnail","hentry","category-destaque-da-semana","category-politica","category-ultima-hora"],"_links":{"self":[{"href":"https:\/\/diarioregionaldigital.com.br\/index.php?rest_route=\/wp\/v2\/posts\/161352","targetHints":{"allow":["GET"]}}],"collection":[{"href":"https:\/\/diarioregionaldigital.com.br\/index.php?rest_route=\/wp\/v2\/posts"}],"about":[{"href":"https:\/\/diarioregionaldigital.com.br\/index.php?rest_route=\/wp\/v2\/types\/post"}],"author":[{"embeddable":true,"href":"https:\/\/diarioregionaldigital.com.br\/index.php?rest_route=\/wp\/v2\/users\/96"}],"replies":[{"embeddable":true,"href":"https:\/\/diarioregionaldigital.com.br\/index.php?rest_route=%2Fwp%2Fv2%2Fcomments&post=161352"}],"version-history":[{"count":0,"href":"https:\/\/diarioregionaldigital.com.br\/index.php?rest_route=\/wp\/v2\/posts\/161352\/revisions"}],"wp:featuredmedia":[{"embeddable":true,"href":"https:\/\/diarioregionaldigital.com.br\/index.php?rest_route=\/wp\/v2\/media\/161353"}],"wp:attachment":[{"href":"https:\/\/diarioregionaldigital.com.br\/index.php?rest_route=%2Fwp%2Fv2%2Fmedia&parent=161352"}],"wp:term":[{"taxonomy":"category","embeddable":true,"href":"https:\/\/diarioregionaldigital.com.br\/index.php?rest_route=%2Fwp%2Fv2%2Fcategories&post=161352"},{"taxonomy":"post_tag","embeddable":true,"href":"https:\/\/diarioregionaldigital.com.br\/index.php?rest_route=%2Fwp%2Fv2%2Ftags&post=161352"}],"curies":[{"name":"wp","href":"https:\/\/api.w.org\/{rel}","templated":true}]}}