{"id":161349,"date":"2020-05-29T16:23:25","date_gmt":"2020-05-29T19:23:25","guid":{"rendered":"https:\/\/diarioregionaldigital.com.br\/?p=161349"},"modified":"2020-05-29T16:23:25","modified_gmt":"2020-05-29T19:23:25","slug":"aniversario-de-jf-faz-parte-do-calendario-de-celebracoes-promovidas-pelo-museu","status":"publish","type":"post","link":"https:\/\/diarioregionaldigital.com.br\/?p=161349","title":{"rendered":"Anivers\u00e1rio de JF faz parte do calend\u00e1rio de celebra\u00e7\u00f5es promovidas pelo Museu"},"content":{"rendered":"<p><span style=\"font-weight: 400;\">O anivers\u00e1rio de Juiz de Fora (31 de maio) faz parte das celebra\u00e7\u00f5es do Museu \u201cMariano Proc\u00f3pio\u201d, assim como outras datas importantes do calend\u00e1rio nacional. O que refor\u00e7a o la\u00e7o da institui\u00e7\u00e3o com a comunidade. Diversos momentos evidenciam a rela\u00e7\u00e3o entre o espa\u00e7o de mem\u00f3ria e a cidade, como a celebra\u00e7\u00e3o do centen\u00e1rio do Munic\u00edpio, em 1950, atrav\u00e9s de evento de grande destaque. Al\u00e9m disso, a cria\u00e7\u00e3o de exposi\u00e7\u00f5es com artistas da cidade e cole\u00e7\u00f5es do acervo, como livros relacionados \u00e0 hist\u00f3ria local, s\u00e3o mencionados nos relat\u00f3rios anuais do Museu.<\/span><\/p>\n<p><span style=\"font-weight: 400;\">A professora Geralda Armond (1913-1980), prima do advogado Alfredo Ferreira Lage (1865-1944), o fundador do Museu, e filho do engenheiro Mariano Proc\u00f3pio (1821-1872), foi importante figura para a institui\u00e7\u00e3o, bem como para o Munic\u00edpio. Segunda diretora do Museu (1944-1980), foi respons\u00e1vel por dar continuidade \u00e0 legitima\u00e7\u00e3o do espa\u00e7o, n\u00e3o apenas local, mas em todo o pa\u00eds. Como educadora, buscou incluir a institui\u00e7\u00e3o na grade escolar, al\u00e9m de outras iniciativas que geraram o crescimento de visita\u00e7\u00f5es. As comemora\u00e7\u00f5es de datas c\u00edveis s\u00e3o destacadas em seus relat\u00f3rios, com descri\u00e7\u00e3o de cada a\u00e7\u00e3o e evento.<\/span><\/p>\n<p><span style=\"font-weight: 400;\">No relat\u00f3rio de 1950, por exemplo, Geralda Armond destacou a celebra\u00e7\u00e3o do centen\u00e1rio da cidade e as doa\u00e7\u00f5es de obras ao acervo do Museu, assim como a cria\u00e7\u00e3o, em 14 de maio daquele, da &#8220;Sala Juiz de Fora&#8221;. No documento est\u00e3o algumas express\u00f5es sobre a import\u00e2ncia que o Museu estava dando \u00e0 data: &#8220;O relat\u00f3rio deste ano reveste-se de maior express\u00e3o, porque \u00e9 o relat\u00f3rio do Ano do Centen\u00e1rio do Munic\u00edpio de Juiz de Fora &#8211; 1950&#8221; (&#8230;) &#8220;N\u00e3o quer\u00edamos e n\u00e3o dever\u00edamos consentir que as comemora\u00e7\u00f5es do centen\u00e1rio do Munic\u00edpio no Museu ficassem apenas em solenidades que horas depois s\u00e3o esquecidas. N\u00e3o. Quer\u00edamos mais, desej\u00e1vamos um marco do Centen\u00e1rio, que se perpetuasse atrav\u00e9s dos tempos&#8221;.<\/span><\/p>\n<p><span style=\"font-weight: 400;\">O relat\u00f3rio tamb\u00e9m relatou a doa\u00e7\u00e3o do Museu a Juiz de Fora, importante marco do mecenato de Alfredo Lage, tido como gesto de amor \u00e0 cidade. Embora ele n\u00e3o tenha criado o &#8220;Museu da cidade&#8221;, dado ao acervo que vai al\u00e9m do contexto municipal, escolheu sua terra natal para criar a institui\u00e7\u00e3o. O Museu \u00e9 reconhecido pela popula\u00e7\u00e3o como um dos principais pontos tur\u00edsticos da cidade e espa\u00e7o de grande mem\u00f3ria afetiva. A doa\u00e7\u00e3o, em 1936, incluiu a cole\u00e7\u00e3o, os pr\u00e9dios e o parque.<\/span><\/p>\n<p><b>Campanha &#8220;Minha Foto no Museu&#8221;<\/b><\/p>\n<p><span style=\"font-weight: 400;\">Para celebrar agora os 170 anos de Juiz de Fora foi lan\u00e7ada no in\u00edcio do m\u00eas a campanha &#8220;Minha Foto no Museu&#8221;, que prop\u00f5e o compartilhamento de fotografias feitas pelo p\u00fablico, como momentos de visita\u00e7\u00e3o, lazer e imagens dos diferentes espa\u00e7os da institui\u00e7\u00e3o. Os trabalhos foram encaminhados por e-mail e compartilhados pelos participantes, atrav\u00e9s de suas redes sociais. As mais de 250 imagens foram inclu\u00eddas em quatro apresenta\u00e7\u00f5es, que est\u00e3o sendo publicadas nas redes sociais do Museu.<\/span><\/p>\n<p>&nbsp;<\/p>\n<p><strong>Fonte:<\/strong> Assessoria<\/p>\n","protected":false},"excerpt":{"rendered":"<p>O anivers\u00e1rio de Juiz de Fora (31 de maio) faz parte das celebra\u00e7\u00f5es do Museu \u201cMariano Proc\u00f3pio\u201d, assim como outras datas importantes do calend\u00e1rio nacional. O que refor\u00e7a o la\u00e7o da institui\u00e7\u00e3o com a comunidade. Diversos momentos evidenciam a rela\u00e7\u00e3o entre o espa\u00e7o de mem\u00f3ria e a cidade, como a celebra\u00e7\u00e3o do centen\u00e1rio do Munic\u00edpio, [&hellip;]<\/p>\n","protected":false},"author":96,"featured_media":161350,"comment_status":"closed","ping_status":"closed","sticky":false,"template":"","format":"standard","meta":{"footnotes":""},"categories":[253,436,439],"tags":[],"class_list":["post-161349","post","type-post","status-publish","format-standard","has-post-thumbnail","hentry","category-cidade","category-destaque-da-semana","category-ultima-hora"],"_links":{"self":[{"href":"https:\/\/diarioregionaldigital.com.br\/index.php?rest_route=\/wp\/v2\/posts\/161349","targetHints":{"allow":["GET"]}}],"collection":[{"href":"https:\/\/diarioregionaldigital.com.br\/index.php?rest_route=\/wp\/v2\/posts"}],"about":[{"href":"https:\/\/diarioregionaldigital.com.br\/index.php?rest_route=\/wp\/v2\/types\/post"}],"author":[{"embeddable":true,"href":"https:\/\/diarioregionaldigital.com.br\/index.php?rest_route=\/wp\/v2\/users\/96"}],"replies":[{"embeddable":true,"href":"https:\/\/diarioregionaldigital.com.br\/index.php?rest_route=%2Fwp%2Fv2%2Fcomments&post=161349"}],"version-history":[{"count":0,"href":"https:\/\/diarioregionaldigital.com.br\/index.php?rest_route=\/wp\/v2\/posts\/161349\/revisions"}],"wp:featuredmedia":[{"embeddable":true,"href":"https:\/\/diarioregionaldigital.com.br\/index.php?rest_route=\/wp\/v2\/media\/161350"}],"wp:attachment":[{"href":"https:\/\/diarioregionaldigital.com.br\/index.php?rest_route=%2Fwp%2Fv2%2Fmedia&parent=161349"}],"wp:term":[{"taxonomy":"category","embeddable":true,"href":"https:\/\/diarioregionaldigital.com.br\/index.php?rest_route=%2Fwp%2Fv2%2Fcategories&post=161349"},{"taxonomy":"post_tag","embeddable":true,"href":"https:\/\/diarioregionaldigital.com.br\/index.php?rest_route=%2Fwp%2Fv2%2Ftags&post=161349"}],"curies":[{"name":"wp","href":"https:\/\/api.w.org\/{rel}","templated":true}]}}