{"id":161346,"date":"2020-05-29T15:09:20","date_gmt":"2020-05-29T18:09:20","guid":{"rendered":"https:\/\/diarioregionaldigital.com.br\/?p=161346"},"modified":"2020-05-29T15:09:20","modified_gmt":"2020-05-29T18:09:20","slug":"em-parceria-com-o-transforma-brasil-cbf-social-lanca-o-voluntario-verde-e-amarelo","status":"publish","type":"post","link":"https:\/\/diarioregionaldigital.com.br\/?p=161346","title":{"rendered":"Em parceria com o Transforma Brasil, CBF Social lan\u00e7a o Volunt\u00e1rio Verde e Amarelo"},"content":{"rendered":"<p>Em per\u00edodos dif\u00edceis como o que passamos, por conta da pandemia de Covid-19, a solidariedade \u00e9 fundamental. Com o objetivo de amenizar o impacto causado pelo isolamento social nas pessoas, o CBF Social fez uma parceria com o Transforma Brasil e lan\u00e7a o Volunt\u00e1rio Verde e Amarelo. O programa chega para unir a paix\u00e3o pelo futebol e a vontade de fazer o bem para aumentar a rede de voluntariado pelo pa\u00eds. Pessoas de todas as regi\u00f5es do Brasil poder\u00e3o ajudar e receber ajuda atrav\u00e9s de uma plataforma online.<\/p>\n<p>Fundado em 2018, o Transforma Brasil \u00e9 um movimento de solidariedade que conecta pessoas que precisam de ajuda \u00e0 pessoas que desejam ajudar. Para passar a contar com a contribui\u00e7\u00e3o de torcedores de todo o pa\u00eds, foi feita a parceria com o CBF Social e desenvolvida uma nova plataforma, que pode ser acessada atrav\u00e9s do endere\u00e7o https:\/\/futebol.transformabrasil.com.br\/.<\/p>\n<p>\u201cO objetivo dessa parceria entre a CBF e o Transforma Brasil \u00e9 mobilizar o futebol, o apaixonado pela modalidade. N\u00f3s iniciamos o contato com a entidade logo no in\u00edcio da pandemia para avaliar de que forma poder\u00edamos utilizar o papel social que o esporte tem para ajudar. O torcedor brasileiro tem se mostrado solid\u00e1rio e essa campanha do Volunt\u00e1rio Verde e Amarelo \u00e9 mais uma que chega para contribuir com a sociedade atrav\u00e9s da paix\u00e3o do torcedor\u201d declarou o Secret\u00e1rio-Geral da CBF, Walter Feldman.<\/p>\n<p>Depois de preencher um cadastro, informar o time do cora\u00e7\u00e3o e fazer uma r\u00e1pida descri\u00e7\u00e3o sobre a \u00e1rea de interesse, a plataforma realiza uma busca sobre organiza\u00e7\u00f5es ou entidades que est\u00e3o \u00e0 procura de volunt\u00e1rios. Assim, profissionais de diversas \u00e1reas podem se cadastrar e se identificar com causas que precisem de apoio.<\/p>\n<p>Ap\u00f3s a realiza\u00e7\u00e3o do cadastro, o usu\u00e1rio ter\u00e1 criado um perfil volunt\u00e1rio. Atrav\u00e9s dele, ser\u00e1 poss\u00edvel acessar um resumo das atividades como volunt\u00e1rio, visualizando as horas de voluntariado, quantidade de participa\u00e7\u00f5es e tamb\u00e9m permitir\u00e1 acesso ao curr\u00edculo social.<\/p>\n<p>&nbsp;<\/p>\n<p><strong>Fonte:\u00a0<\/strong>CBF<\/p>\n","protected":false},"excerpt":{"rendered":"<p>Em per\u00edodos dif\u00edceis como o que passamos, por conta da pandemia de Covid-19, a solidariedade \u00e9 fundamental. Com o objetivo de amenizar o impacto causado pelo isolamento social nas pessoas, o CBF Social fez uma parceria com o Transforma Brasil e lan\u00e7a o Volunt\u00e1rio Verde e Amarelo. O programa chega para unir a paix\u00e3o pelo [&hellip;]<\/p>\n","protected":false},"author":96,"featured_media":161347,"comment_status":"closed","ping_status":"closed","sticky":false,"template":"","format":"standard","meta":{"footnotes":""},"categories":[436,257,439],"tags":[],"class_list":["post-161346","post","type-post","status-publish","format-standard","has-post-thumbnail","hentry","category-destaque-da-semana","category-esporte","category-ultima-hora"],"_links":{"self":[{"href":"https:\/\/diarioregionaldigital.com.br\/index.php?rest_route=\/wp\/v2\/posts\/161346","targetHints":{"allow":["GET"]}}],"collection":[{"href":"https:\/\/diarioregionaldigital.com.br\/index.php?rest_route=\/wp\/v2\/posts"}],"about":[{"href":"https:\/\/diarioregionaldigital.com.br\/index.php?rest_route=\/wp\/v2\/types\/post"}],"author":[{"embeddable":true,"href":"https:\/\/diarioregionaldigital.com.br\/index.php?rest_route=\/wp\/v2\/users\/96"}],"replies":[{"embeddable":true,"href":"https:\/\/diarioregionaldigital.com.br\/index.php?rest_route=%2Fwp%2Fv2%2Fcomments&post=161346"}],"version-history":[{"count":0,"href":"https:\/\/diarioregionaldigital.com.br\/index.php?rest_route=\/wp\/v2\/posts\/161346\/revisions"}],"wp:featuredmedia":[{"embeddable":true,"href":"https:\/\/diarioregionaldigital.com.br\/index.php?rest_route=\/wp\/v2\/media\/161347"}],"wp:attachment":[{"href":"https:\/\/diarioregionaldigital.com.br\/index.php?rest_route=%2Fwp%2Fv2%2Fmedia&parent=161346"}],"wp:term":[{"taxonomy":"category","embeddable":true,"href":"https:\/\/diarioregionaldigital.com.br\/index.php?rest_route=%2Fwp%2Fv2%2Fcategories&post=161346"},{"taxonomy":"post_tag","embeddable":true,"href":"https:\/\/diarioregionaldigital.com.br\/index.php?rest_route=%2Fwp%2Fv2%2Ftags&post=161346"}],"curies":[{"name":"wp","href":"https:\/\/api.w.org\/{rel}","templated":true}]}}