{"id":161336,"date":"2020-05-29T14:36:24","date_gmt":"2020-05-29T17:36:24","guid":{"rendered":"https:\/\/diarioregionaldigital.com.br\/?p=161336"},"modified":"2020-05-29T14:39:20","modified_gmt":"2020-05-29T17:39:20","slug":"motorista-de-uber-e-ameacado-por-recusar-corrida","status":"publish","type":"post","link":"https:\/\/diarioregionaldigital.com.br\/?p=161336","title":{"rendered":"Motorista de uber \u00e9 amea\u00e7ado por recusar corrida no Bairro Ipiranga"},"content":{"rendered":"<p>Um motorista de uber, com idade de 41 anos, foi amea\u00e7ado por um grupo de passageiros com idades entre 22 e 33 anos, ap\u00f3s recusar fazer o transporte para os mesmos no Bairro Ipiranga (Regi\u00e3o Sul) em Juiz de Fora. Em relato \u00e0 Pol\u00edcia Militar (PM), o motorista diz que recusou a transportar um passageiro alcoolizado em seu ve\u00edculo particular e diante disso, um outro autor sacou uma arma de fogo, forcando-o a aceitar a corrida. Ap\u00f3s tais amea\u00e7as, a v\u00edtima parou na sede da 32\u00aa cia PM acionando os militares. Ao chegar no local, os autores avistaram os policiais e um deles tentou se livrar de um rev\u00f3lver calibre 38. Ao serem submetidos a busca pessoal foi localizado na cintura da jovem de 22, outra arma de fogo sendo esta uma pistola calibre 380. Os autores foram presos em flagrante e conduzidos para a Delegacia, para devidas provid\u00eancias.<\/p>\n","protected":false},"excerpt":{"rendered":"<p>Um motorista de uber, com idade de 41 anos, foi amea\u00e7ado por um grupo de passageiros com idades entre 22 e 33 anos, ap\u00f3s recusar fazer o transporte para os mesmos no Bairro Ipiranga (Regi\u00e3o Sul) em Juiz de Fora. Em relato \u00e0 Pol\u00edcia Militar (PM), o motorista diz que recusou a transportar um passageiro [&hellip;]<\/p>\n","protected":false},"author":96,"featured_media":161269,"comment_status":"closed","ping_status":"closed","sticky":false,"template":"","format":"standard","meta":{"footnotes":""},"categories":[301,436,439],"tags":[],"class_list":["post-161336","post","type-post","status-publish","format-standard","has-post-thumbnail","hentry","category-artigos-policiais","category-destaque-da-semana","category-ultima-hora"],"_links":{"self":[{"href":"https:\/\/diarioregionaldigital.com.br\/index.php?rest_route=\/wp\/v2\/posts\/161336","targetHints":{"allow":["GET"]}}],"collection":[{"href":"https:\/\/diarioregionaldigital.com.br\/index.php?rest_route=\/wp\/v2\/posts"}],"about":[{"href":"https:\/\/diarioregionaldigital.com.br\/index.php?rest_route=\/wp\/v2\/types\/post"}],"author":[{"embeddable":true,"href":"https:\/\/diarioregionaldigital.com.br\/index.php?rest_route=\/wp\/v2\/users\/96"}],"replies":[{"embeddable":true,"href":"https:\/\/diarioregionaldigital.com.br\/index.php?rest_route=%2Fwp%2Fv2%2Fcomments&post=161336"}],"version-history":[{"count":0,"href":"https:\/\/diarioregionaldigital.com.br\/index.php?rest_route=\/wp\/v2\/posts\/161336\/revisions"}],"wp:featuredmedia":[{"embeddable":true,"href":"https:\/\/diarioregionaldigital.com.br\/index.php?rest_route=\/wp\/v2\/media\/161269"}],"wp:attachment":[{"href":"https:\/\/diarioregionaldigital.com.br\/index.php?rest_route=%2Fwp%2Fv2%2Fmedia&parent=161336"}],"wp:term":[{"taxonomy":"category","embeddable":true,"href":"https:\/\/diarioregionaldigital.com.br\/index.php?rest_route=%2Fwp%2Fv2%2Fcategories&post=161336"},{"taxonomy":"post_tag","embeddable":true,"href":"https:\/\/diarioregionaldigital.com.br\/index.php?rest_route=%2Fwp%2Fv2%2Ftags&post=161336"}],"curies":[{"name":"wp","href":"https:\/\/api.w.org\/{rel}","templated":true}]}}