{"id":161333,"date":"2020-05-29T14:06:27","date_gmt":"2020-05-29T17:06:27","guid":{"rendered":"https:\/\/diarioregionaldigital.com.br\/?p=161333"},"modified":"2020-05-29T14:06:27","modified_gmt":"2020-05-29T17:06:27","slug":"auxilio-emergencial-com-valor-menor-pode-custar-r-17-bi-por-mes","status":"publish","type":"post","link":"https:\/\/diarioregionaldigital.com.br\/?p=161333","title":{"rendered":"Aux\u00edlio emergencial com valor menor pode custar R$ 17 bi por m\u00eas"},"content":{"rendered":"<p>A prorroga\u00e7\u00e3o do aux\u00edlio emergencial com o valor da parcela reduzido dos atuais R$ 600 por R$ 200 vai gerar custo de R$ 17 bilh\u00f5es por m\u00eas, disse o secret\u00e1rio especial de Fazenda do Minist\u00e9rio da Economia, Waldery Rodrigues Junior, em audi\u00eancia virtual da Comiss\u00e3o Mista destinada a acompanhar a situa\u00e7\u00e3o fiscal e a execu\u00e7\u00e3o or\u00e7ament\u00e1ria e financeira das medidas relacionadas ao coronav\u00edrus (covid-19).<\/p>\n<p>Em tempos de pandemia, o aux\u00edlio emergencial est\u00e1 sendo pago a trabalhadores informais, microempreendedores individuais, aut\u00f4nomos e desempregados. De acordo com o secret\u00e1rio, atualmente, os gastos do governo com o pagamento do benef\u00edcio est\u00e3o em torno R$ 152 bilh\u00f5es, uma m\u00e9dia de aproximadamente R$ 51,5 bilh\u00f5es por m\u00eas.<\/p>\n<p>\u201c\u00c9 um programa extremamente importante, mas \u00e9 caro, \u00e9 um programa que, colocado em perspectiva, tem-se que analisar a efetividade e o custo dele. Ent\u00e3o, pode haver, sim, prorroga\u00e7\u00e3o. Uma prorroga\u00e7\u00e3o, por exemplo, de R$ 200 vai implicar um custo, por m\u00eas, de aproximadamente R$ 17 bilh\u00f5es. Portanto, n\u00f3s estamos com aten\u00e7\u00e3o e queremos, com cada movimento, dar prioridade \u00e0s camadas mais vulner\u00e1veis, aos segmentos mais vulner\u00e1veis da popula\u00e7\u00e3o\u201d, disse Waldery.<\/p>\n<p>De acordo com o secret\u00e1rio, \u201cmuito provavelmente\u201d o aux\u00edlio ser\u00e1 prorrogado, mas o valor a ser pago ter\u00e1 como refer\u00eancia o programa Bolsa Fam\u00edlia, que custa menos para os cofres p\u00fablicos \u2013 R$ 29 bilh\u00f5es, por m\u00eas. Ele disse ainda que o aux\u00edlio n\u00e3o deve ser prorrogado por muito tempo. \u201cN\u00e3o cabe uma extens\u00e3o muito prolongada nas nossas contas\u201d, afirmou.<\/p>\n<p>&nbsp;<\/p>\n<p><strong>Fonte:\u00a0<\/strong>Ag\u00eancia Brasil<\/p>\n","protected":false},"excerpt":{"rendered":"<p>A prorroga\u00e7\u00e3o do aux\u00edlio emergencial com o valor da parcela reduzido dos atuais R$ 600 por R$ 200 vai gerar custo de R$ 17 bilh\u00f5es por m\u00eas, disse o secret\u00e1rio especial de Fazenda do Minist\u00e9rio da Economia, Waldery Rodrigues Junior, em audi\u00eancia virtual da Comiss\u00e3o Mista destinada a acompanhar a situa\u00e7\u00e3o fiscal e a execu\u00e7\u00e3o [&hellip;]<\/p>\n","protected":false},"author":96,"featured_media":161334,"comment_status":"closed","ping_status":"closed","sticky":false,"template":"","format":"standard","meta":{"footnotes":""},"categories":[436,261,439],"tags":[],"class_list":["post-161333","post","type-post","status-publish","format-standard","has-post-thumbnail","hentry","category-destaque-da-semana","category-economia","category-ultima-hora"],"_links":{"self":[{"href":"https:\/\/diarioregionaldigital.com.br\/index.php?rest_route=\/wp\/v2\/posts\/161333","targetHints":{"allow":["GET"]}}],"collection":[{"href":"https:\/\/diarioregionaldigital.com.br\/index.php?rest_route=\/wp\/v2\/posts"}],"about":[{"href":"https:\/\/diarioregionaldigital.com.br\/index.php?rest_route=\/wp\/v2\/types\/post"}],"author":[{"embeddable":true,"href":"https:\/\/diarioregionaldigital.com.br\/index.php?rest_route=\/wp\/v2\/users\/96"}],"replies":[{"embeddable":true,"href":"https:\/\/diarioregionaldigital.com.br\/index.php?rest_route=%2Fwp%2Fv2%2Fcomments&post=161333"}],"version-history":[{"count":0,"href":"https:\/\/diarioregionaldigital.com.br\/index.php?rest_route=\/wp\/v2\/posts\/161333\/revisions"}],"wp:featuredmedia":[{"embeddable":true,"href":"https:\/\/diarioregionaldigital.com.br\/index.php?rest_route=\/wp\/v2\/media\/161334"}],"wp:attachment":[{"href":"https:\/\/diarioregionaldigital.com.br\/index.php?rest_route=%2Fwp%2Fv2%2Fmedia&parent=161333"}],"wp:term":[{"taxonomy":"category","embeddable":true,"href":"https:\/\/diarioregionaldigital.com.br\/index.php?rest_route=%2Fwp%2Fv2%2Fcategories&post=161333"},{"taxonomy":"post_tag","embeddable":true,"href":"https:\/\/diarioregionaldigital.com.br\/index.php?rest_route=%2Fwp%2Fv2%2Ftags&post=161333"}],"curies":[{"name":"wp","href":"https:\/\/api.w.org\/{rel}","templated":true}]}}