{"id":161330,"date":"2020-05-29T14:04:53","date_gmt":"2020-05-29T17:04:53","guid":{"rendered":"https:\/\/diarioregionaldigital.com.br\/?p=161330"},"modified":"2020-05-29T14:04:53","modified_gmt":"2020-05-29T17:04:53","slug":"pandemia-adia-planos-de-viagem-e-prejudica-operadoras-de-turismo","status":"publish","type":"post","link":"https:\/\/diarioregionaldigital.com.br\/?p=161330","title":{"rendered":"Pandemia adia planos de viagem e prejudica operadoras de turismo"},"content":{"rendered":"<p>O percentual de operadoras de turismo que n\u00e3o realizou nenhuma venda chegou a 54% em abril, informou a Associa\u00e7\u00e3o Brasileira das Operadoras de Turismo (Braztoa). O cen\u00e1rio representa uma situa\u00e7\u00e3o mais grave que a de mar\u00e7o, quando 45% das empresas do setor n\u00e3o venderam nenhum pacote.<\/p>\n<p>As operadoras de turismo s\u00e3o empresas que montam pacotes e programas de viagens vendidos a consumidores pelas ag\u00eancias de viagens. O fraco desempenho das vendas em abril deve representar perda de R$ 1,08 bilh\u00e3o para o setor, estima a associa\u00e7\u00e3o.<\/p>\n<p>A Braztoa compara que, para oito em dez empresas, o faturamento mensal foi equivalente a menos de 10% do registrado no mesmo m\u00eas do ano passado. A expectativa \u00e9 que as perdas totais do segmento em 2020 possam chegar a R$ 11,3 bilh\u00f5es, o que corresponde a 75% do faturamento de 2019, que somou R$ 15,1 bilh\u00f5es.<\/p>\n<p>As vendas realizadas em abril foram principalmente para o segundo semestre de 2020 e para o ano que vem. Apenas 24% das empresas que conseguiram vender comercializaram algum pacote com embarque at\u00e9 julho.<\/p>\n<p><strong>Retomada ser\u00e1 lenta<\/strong><\/p>\n<p>O setor prev\u00ea que a retomada das viagens internacionais ser\u00e1 mais lenta que a dos embarques dom\u00e9sticos. Acrescenta que 58% das operadoras acreditam que v\u00e3o vender pacotes nacionais no segundo semestre, enquanto 50% preveem que seja poss\u00edvel comercializar pacotes internacionais.<\/p>\n<p>A pesquisa foi realizada em parceria com o Laborat\u00f3rio de Estudos em Sustentabilidade e Turismo da Universidade de Bras\u00edlia (Lets\/UnB), que tamb\u00e9m analisou o comportamento dos viajantes daqui para frente.<\/p>\n<p>Os pesquisadores entrevistaram 1.136 pessoas de todos os estados. Elas realizaram mais de dez viagens nacionais nos \u00faltimos cinco anos. E 78% dos entrevistados tamb\u00e9m fizeram ao menos uma viagem internacional nos \u00faltimos cinco anos. A maioria dos participantes da pesquisa \u00e9 de mulheres (70%), com alto n\u00edvel de forma\u00e7\u00e3o (predominantemente p\u00f3s-gradua\u00e7\u00e3o e ensino superior completo) e idade m\u00e9dia de 41 anos.<\/p>\n<p>Mais da metade dos entrevistados (56%) considera que o risco de se infectar em uma viagem em 2020 \u00e9 alto. Segundo as respostas, 60% dessas pessoas alteraram planos de viagem em 2020 por causa da pandemia, sendo que 56% adiaram os planos e 36% cancelaram. Para 2021, 82% disseram ter a inten\u00e7\u00e3o de viajar e 76% afirmam n\u00e3o ter alterados seus planos.<\/p>\n<p>Quest\u00f5es sanit\u00e1rias foram consideradas primordiais para as viagens daqui para frente, e os entrevistados listaram que &#8220;seguran\u00e7a e aus\u00eancia de risco \u00e0 sa\u00fade&#8221; s\u00e3o os quesitos mais importantes que avaliar\u00e3o na hora de decidir viajar, seguidos por vacina para a covid-19, estabilidade financeira e controle sanit\u00e1rio.<\/p>\n<p>&nbsp;<\/p>\n<p><strong>Fonte:\u00a0<\/strong>Ag\u00eancia Brasil<\/p>\n","protected":false},"excerpt":{"rendered":"<p>O percentual de operadoras de turismo que n\u00e3o realizou nenhuma venda chegou a 54% em abril, informou a Associa\u00e7\u00e3o Brasileira das Operadoras de Turismo (Braztoa). O cen\u00e1rio representa uma situa\u00e7\u00e3o mais grave que a de mar\u00e7o, quando 45% das empresas do setor n\u00e3o venderam nenhum pacote. As operadoras de turismo s\u00e3o empresas que montam pacotes [&hellip;]<\/p>\n","protected":false},"author":96,"featured_media":161331,"comment_status":"closed","ping_status":"closed","sticky":false,"template":"","format":"standard","meta":{"footnotes":""},"categories":[436,261,439],"tags":[],"class_list":["post-161330","post","type-post","status-publish","format-standard","has-post-thumbnail","hentry","category-destaque-da-semana","category-economia","category-ultima-hora"],"_links":{"self":[{"href":"https:\/\/diarioregionaldigital.com.br\/index.php?rest_route=\/wp\/v2\/posts\/161330","targetHints":{"allow":["GET"]}}],"collection":[{"href":"https:\/\/diarioregionaldigital.com.br\/index.php?rest_route=\/wp\/v2\/posts"}],"about":[{"href":"https:\/\/diarioregionaldigital.com.br\/index.php?rest_route=\/wp\/v2\/types\/post"}],"author":[{"embeddable":true,"href":"https:\/\/diarioregionaldigital.com.br\/index.php?rest_route=\/wp\/v2\/users\/96"}],"replies":[{"embeddable":true,"href":"https:\/\/diarioregionaldigital.com.br\/index.php?rest_route=%2Fwp%2Fv2%2Fcomments&post=161330"}],"version-history":[{"count":0,"href":"https:\/\/diarioregionaldigital.com.br\/index.php?rest_route=\/wp\/v2\/posts\/161330\/revisions"}],"wp:featuredmedia":[{"embeddable":true,"href":"https:\/\/diarioregionaldigital.com.br\/index.php?rest_route=\/wp\/v2\/media\/161331"}],"wp:attachment":[{"href":"https:\/\/diarioregionaldigital.com.br\/index.php?rest_route=%2Fwp%2Fv2%2Fmedia&parent=161330"}],"wp:term":[{"taxonomy":"category","embeddable":true,"href":"https:\/\/diarioregionaldigital.com.br\/index.php?rest_route=%2Fwp%2Fv2%2Fcategories&post=161330"},{"taxonomy":"post_tag","embeddable":true,"href":"https:\/\/diarioregionaldigital.com.br\/index.php?rest_route=%2Fwp%2Fv2%2Ftags&post=161330"}],"curies":[{"name":"wp","href":"https:\/\/api.w.org\/{rel}","templated":true}]}}