{"id":161327,"date":"2020-05-29T14:02:13","date_gmt":"2020-05-29T17:02:13","guid":{"rendered":"https:\/\/diarioregionaldigital.com.br\/?p=161327"},"modified":"2020-05-29T14:02:13","modified_gmt":"2020-05-29T17:02:13","slug":"senadores-querem-entrada-do-brasil-em-grupo-da-oms-que-busca-vacina-contra-covid-19","status":"publish","type":"post","link":"https:\/\/diarioregionaldigital.com.br\/?p=161327","title":{"rendered":"Senadores querem entrada do Brasil em grupo da OMS que busca vacina contra covid-19"},"content":{"rendered":"<p>A Casa Civil coordenar\u00e1 na ter\u00e7a-feira (2) uma reuni\u00e3o interministerial que vai tratar da entrada do Brasil no ACT Accelerator, iniciativa global gerida pela Organiza\u00e7\u00e3o Mundial da Sa\u00fade (OMS) que pesquisa uma vacina contra o coronav\u00edrus. A informa\u00e7\u00e3o \u00e9 do senador Nelsinho Trad (PSD-MS), presidente da Comiss\u00e3o de Rela\u00e7\u00f5es Exteriores (CRE) do Senado, ap\u00f3s sair de uma reuni\u00e3o com o chanceler Ernesto Ara\u00fajo, nesta quarta-feira (28). Trad deixa clara sua preocupa\u00e7\u00e3o de que o Brasil seja exclu\u00eddo no futuro de um eventual acesso \u00e0 vacina, caso n\u00e3o colabore com a OMS.<\/p>\n<p>\u201cLevei esta preocupa\u00e7\u00e3o, este pleito que n\u00e3o \u00e9 s\u00f3 meu, mas \u00e9 o sentimento predominante na CRE e de outros senadores, de acabarmos ficando pro final da fila no acesso \u00e0 vacina, caso o ACT Accelerator atinja seu objetivo, que \u00e9 o que o mundo todo quer. Al\u00e9m do mais, nosso pa\u00eds, pelo desenvolvimento cient\u00edfico que j\u00e1 conseguiu, n\u00e3o pode ficar de fora destas pesquisas e avan\u00e7os que podem levar \u00e0 vacina e \u00e0 produ\u00e7\u00e3o maci\u00e7a de medicamentos. Sa\u00ed da reuni\u00e3o com o chanceler Ernesto muito menos preocupado do que entrei, quando ele me garantiu que a decis\u00e3o pode sair na ter\u00e7a-feira\u201d revelou o senador.<\/p>\n<p>A reuni\u00e3o interministerial contar\u00e1 tamb\u00e9m com a participa\u00e7\u00e3o dos Minist\u00e9rios da Ci\u00eancia e Tecnologia, e da Sa\u00fade. O ACT Accelerator j\u00e1 disp\u00f5e de U$ 8 bilh\u00f5es para investir em pesquisas. Mais de 40 pa\u00edses j\u00e1 aderiram, entre eles Alemanha, Jap\u00e3o, Canad\u00e1, Reino Unido, Fran\u00e7a, Italia, Espanha, Israel e Noruega, al\u00e9m da Uni\u00e3o Europeia enquanto \u00f3rg\u00e3o multigovernamental. A China tamb\u00e9m apoia e anunciou a destina\u00e7\u00e3o de parte de seu fundo bilion\u00e1rio de pesquisa para o grupo. Dezenas de institutos de pesquisa, funda\u00e7\u00f5es e \u00f3rg\u00e3os privados tamb\u00e9m colaboram, entre eles, a Funda\u00e7\u00e3o Bill e Melinda Gates. O objetivo da iniciativa \u00e9 &#8220;desenvolver ferramentas de combate ao coronav\u00edrus em tempo, acesso e escala recordes&#8221;, segundo seu documento oficial.<\/p>\n<p>\u201cEstou convicto de que sensibilizei o chanceler e espero que o Brasil se integre. O Brasil \u00e9 respeitado na OMS, nossa tradi\u00e7\u00e3o de parceria com este \u00f3rg\u00e3o da ONU j\u00e1 dura d\u00e9cadas. Isto ocorreu na quebra de patentes de rem\u00e9dios contra a Aids, nas muitas pesquisas sobre as doen\u00e7as tropicais, e recentemente nos esfor\u00e7os contra a zika, chicungunya e dengue. Temos muitos cientistas de atua\u00e7\u00e3o internacional e a Fiocruz j\u00e1 est\u00e1 l\u00e1 colaborando com a OMS em outras iniciativas contra o coronav\u00edrus\u201d refor\u00e7ou Trad.<\/p>\n<p><strong>Cr\u00edticas da oposi\u00e7\u00e3o<\/strong><\/p>\n<p>Para o senador Humberto Costa (PT-PE), que tamb\u00e9m \u00e9 m\u00e9dico e foi ministro da Sa\u00fade nos anos 2003 e 2004, o Brasil deveria ter aderido ao ACT Accelerator desde seu in\u00edcio, em abril.<\/p>\n<p>\u201cEspero sinceramente que o governo tome a decis\u00e3o de colaborar com a OMS. Porque pelo menos, at\u00e9 o momento, s\u00e3o absurdas as posi\u00e7\u00f5es que o governo brasileiro tem tomado contra este \u00f3rg\u00e3o multilateral, com o qual o Brasil tradicionalmente sempre manteve as melhores parcerias e la\u00e7os. N\u00e3o faz sentido colocar o alinhamento incondicional aos EUA acima da ci\u00eancia, da sa\u00fade e da vida de milh\u00f5es de brasileiros. O que n\u00e3o falta por aqui s\u00e3o cientistas renomados e, por exemplo, plantas para realizar pesquisas em vacinas, s\u00f3 para ficar neste item. Se o ACT Accelerator cumprir o objetivo de produzir em massa uma vacina contra a covid-19, n\u00f3s tamb\u00e9m seremos grandes benefici\u00e1rios deste trabalho\u201d afirmou Humberto.<\/p>\n<p>A refer\u00eancia ao &#8220;alinhamento autom\u00e1tico aos EUA se d\u00e1 porque, segundo o senador, at\u00e9 o momento o Brasil tem tomado posi\u00e7\u00f5es em conson\u00e2ncia com o governo de Donald Trump nos f\u00f3runs internacionais que tratam do coronav\u00edrus. O presidente norte-americano tem sido o grande cr\u00edtico da OMS desde o in\u00edcio da epidemia. Trump amea\u00e7ou cortar a destina\u00e7\u00e3o de verbas para o \u00f3rg\u00e3o internacional e tamb\u00e9m n\u00e3o aderiu ao ACT Accelerator.<\/p>\n<p>\u201cQuando fui ministro, a parceria com a OMS se deu em diversas \u00e1reas. Fomos protagonistas nas conven\u00e7\u00f5es-quadro [tratados da ONU] contra o tabagismo, contra a tuberculose e contra a hansen\u00edase. Mas este n\u00e3o foi um m\u00e9rito do governo Lula, na verdade apenas seguimos uma tradi\u00e7\u00e3o que j\u00e1 vinha de diversos governos, todos agiram desta forma. A OMS e a OPAS [Organiza\u00e7\u00e3o Pan-Americana de Sa\u00fade] devem ser percebidas por n\u00f3s como organismos de colabora\u00e7\u00e3o, e isso procurou ser seguido at\u00e9 2018. \u00c9 s\u00f3 o governo Bolsonaro que coloca inclina\u00e7\u00f5es ideol\u00f3gicas acima da ci\u00eancia e da sa\u00fade\u201d criticou o senador<strong>.<\/strong><\/p>\n<p><strong>Colabora\u00e7\u00e3o com os EUA<\/strong><\/p>\n<p>Nelsinho Trad confirmou que o Itamaraty de fato prioriza ter as melhores rela\u00e7\u00f5es poss\u00edveis com os EUA, e que tamb\u00e9m tratou deste tema na reuni\u00e3o com Ernesto Araujo. O governo espera refor\u00e7ar la\u00e7os de colabora\u00e7\u00e3o inclusive nos avan\u00e7os no combate ao coronav\u00edrus, mas Humberto Costa deixou claro seu ceticismo neste aspecto.<\/p>\n<p>\u201cAchar que o governo norte-americano vai colaborar com o Brasil caso eles cheguem primeiro \u00e0 vacina \u00e9 uma total ignor\u00e2ncia sobre como este pa\u00eds tradicionalmente trata quest\u00f5es ligadas a patentes e propriedade intelectual. \u00c9 fantasioso imaginar que o governo norte-americano aceite compartilhar conosco. Ali\u00e1s, esta postura referente a patentes \u00e9 uma das raz\u00f5es para eles n\u00e3o estarem colaborando com a OMS. Eles podem at\u00e9 vender vacinas e medicamentos pro Brasil, desde, \u00e9 claro, que paguemos o que eles estiverem cobrando. Jamais v\u00e3o aceitar compartilhar a pre\u00e7o de custo ou eventualmente disponibilizar a todos os pa\u00edses, como trabalha a OMS\u201d concluiu.<\/p>\n<p>No Twitter, o senador Rog\u00e9rio Carvalho (PT-SE) tamb\u00e9m lamentou o fato do governo brasileiro &#8220;n\u00e3o ter sido sequer convidado&#8221; para participar do Evento de Alto N\u00edvel sobre Financiamento para o Desenvolvimento na Era da Covid-19, iniciativa global lan\u00e7ada pela ONU nesta quinta-feira (28). O evento j\u00e1 conta com a ades\u00e3o de mais de 50 pa\u00edses e entidades internacionais, entre elas a Uni\u00e3o Europeia, os governos de Canad\u00e1, Reino Unido, Alemanha, Jap\u00e3o e Fran\u00e7a, e organismos como o Banco Mundial e o Fundo Monet\u00e1rio Internacional (FMI).<\/p>\n<p>&nbsp;<\/p>\n<p><strong>Fonte:\u00a0<\/strong>Ag\u00eancia Senado<\/p>\n","protected":false},"excerpt":{"rendered":"<p>A Casa Civil coordenar\u00e1 na ter\u00e7a-feira (2) uma reuni\u00e3o interministerial que vai tratar da entrada do Brasil no ACT Accelerator, iniciativa global gerida pela Organiza\u00e7\u00e3o Mundial da Sa\u00fade (OMS) que pesquisa uma vacina contra o coronav\u00edrus. A informa\u00e7\u00e3o \u00e9 do senador Nelsinho Trad (PSD-MS), presidente da Comiss\u00e3o de Rela\u00e7\u00f5es Exteriores (CRE) do Senado, ap\u00f3s sair [&hellip;]<\/p>\n","protected":false},"author":96,"featured_media":161328,"comment_status":"closed","ping_status":"closed","sticky":false,"template":"","format":"standard","meta":{"footnotes":""},"categories":[302,436,440,439],"tags":[],"class_list":["post-161327","post","type-post","status-publish","format-standard","has-post-thumbnail","hentry","category-brasil-mundo","category-destaque-da-semana","category-destaques-do-dia","category-ultima-hora"],"_links":{"self":[{"href":"https:\/\/diarioregionaldigital.com.br\/index.php?rest_route=\/wp\/v2\/posts\/161327","targetHints":{"allow":["GET"]}}],"collection":[{"href":"https:\/\/diarioregionaldigital.com.br\/index.php?rest_route=\/wp\/v2\/posts"}],"about":[{"href":"https:\/\/diarioregionaldigital.com.br\/index.php?rest_route=\/wp\/v2\/types\/post"}],"author":[{"embeddable":true,"href":"https:\/\/diarioregionaldigital.com.br\/index.php?rest_route=\/wp\/v2\/users\/96"}],"replies":[{"embeddable":true,"href":"https:\/\/diarioregionaldigital.com.br\/index.php?rest_route=%2Fwp%2Fv2%2Fcomments&post=161327"}],"version-history":[{"count":0,"href":"https:\/\/diarioregionaldigital.com.br\/index.php?rest_route=\/wp\/v2\/posts\/161327\/revisions"}],"wp:featuredmedia":[{"embeddable":true,"href":"https:\/\/diarioregionaldigital.com.br\/index.php?rest_route=\/wp\/v2\/media\/161328"}],"wp:attachment":[{"href":"https:\/\/diarioregionaldigital.com.br\/index.php?rest_route=%2Fwp%2Fv2%2Fmedia&parent=161327"}],"wp:term":[{"taxonomy":"category","embeddable":true,"href":"https:\/\/diarioregionaldigital.com.br\/index.php?rest_route=%2Fwp%2Fv2%2Fcategories&post=161327"},{"taxonomy":"post_tag","embeddable":true,"href":"https:\/\/diarioregionaldigital.com.br\/index.php?rest_route=%2Fwp%2Fv2%2Ftags&post=161327"}],"curies":[{"name":"wp","href":"https:\/\/api.w.org\/{rel}","templated":true}]}}