{"id":161324,"date":"2020-05-29T14:00:21","date_gmt":"2020-05-29T17:00:21","guid":{"rendered":"https:\/\/diarioregionaldigital.com.br\/?p=161324"},"modified":"2020-05-29T14:00:21","modified_gmt":"2020-05-29T17:00:21","slug":"texto-base-do-programa-emergencial-de-manutencao-do-emprego-e-aprovado","status":"publish","type":"post","link":"https:\/\/diarioregionaldigital.com.br\/?p=161324","title":{"rendered":"Texto base do Programa Emergencial de Manuten\u00e7\u00e3o do Emprego \u00e9 aprovado"},"content":{"rendered":"<p>O Plen\u00e1rio da C\u00e2mara dos Deputados aprovou em sess\u00e3o virtual o texto base da Medida Provis\u00f3ria 936\/2020,\u00a0 que institui o Programa Emergencial de Manuten\u00e7\u00e3o do Emprego e da Renda. O dispositivo permite, durante o per\u00edodo de estado calamidade p\u00fablica devido \u00e0 pandemia do novo coronav\u00edrus, a suspens\u00e3o do contrato de trabalho por at\u00e9 60 dias e tamb\u00e9m possibilita a redu\u00e7\u00e3o de sal\u00e1rios e da jornada de trabalho pelo per\u00edodo de at\u00e9 90 dias..<\/p>\n<p>A C\u00e2mara vota neste momento destaques apresentados \u00e0 MP. Ap\u00f3s a finaliza\u00e7\u00e3o da vota\u00e7\u00e3o, a medida segue para aprecia\u00e7\u00e3o do Senado Federal.<\/p>\n<p>Conforme previsto na MP, o governo compensa parte da perda na remunera\u00e7\u00e3o aos trabalhadores do setor privado por meio do seguro desemprego conforme m\u00e9dia salarial. O trabalhador tamb\u00e9m tem direto \u00e0 \u201cgarantia provis\u00f3ria\u201d pelo mesmo tempo do afastamento ou da redu\u00e7\u00e3o de jornada depois do estado de calamidade.<\/p>\n<p>A MP, modificada no parecer do relator deputado Orlando Silva (PCdoB-SP), foi elogiada pelos parlamentares como iniciativa emergencial para manter empresas em funcionamento e preservar empregos com carteira assinada ou estabelecidos por meio de contratos de aprendizagem e de jornada parcial.<\/p>\n<p>Entre as altera\u00e7\u00f5es, Orlando Silva acrescenta a possibilidade de pagamento de sal\u00e1rio original de trabalhadoras gr\u00e1vidas se o parto ocorrer durante o per\u00edodo de redu\u00e7\u00e3o ou suspens\u00e3o do contrato de trabalho.<\/p>\n<p>&nbsp;<\/p>\n<p><strong>Fonte:\u00a0<\/strong>Ag\u00eancia Brasil<\/p>\n","protected":false},"excerpt":{"rendered":"<p>O Plen\u00e1rio da C\u00e2mara dos Deputados aprovou em sess\u00e3o virtual o texto base da Medida Provis\u00f3ria 936\/2020,\u00a0 que institui o Programa Emergencial de Manuten\u00e7\u00e3o do Emprego e da Renda. O dispositivo permite, durante o per\u00edodo de estado calamidade p\u00fablica devido \u00e0 pandemia do novo coronav\u00edrus, a suspens\u00e3o do contrato de trabalho por at\u00e9 60 dias [&hellip;]<\/p>\n","protected":false},"author":96,"featured_media":161325,"comment_status":"closed","ping_status":"closed","sticky":false,"template":"","format":"standard","meta":{"footnotes":""},"categories":[436,254,439],"tags":[],"class_list":["post-161324","post","type-post","status-publish","format-standard","has-post-thumbnail","hentry","category-destaque-da-semana","category-politica","category-ultima-hora"],"_links":{"self":[{"href":"https:\/\/diarioregionaldigital.com.br\/index.php?rest_route=\/wp\/v2\/posts\/161324","targetHints":{"allow":["GET"]}}],"collection":[{"href":"https:\/\/diarioregionaldigital.com.br\/index.php?rest_route=\/wp\/v2\/posts"}],"about":[{"href":"https:\/\/diarioregionaldigital.com.br\/index.php?rest_route=\/wp\/v2\/types\/post"}],"author":[{"embeddable":true,"href":"https:\/\/diarioregionaldigital.com.br\/index.php?rest_route=\/wp\/v2\/users\/96"}],"replies":[{"embeddable":true,"href":"https:\/\/diarioregionaldigital.com.br\/index.php?rest_route=%2Fwp%2Fv2%2Fcomments&post=161324"}],"version-history":[{"count":0,"href":"https:\/\/diarioregionaldigital.com.br\/index.php?rest_route=\/wp\/v2\/posts\/161324\/revisions"}],"wp:featuredmedia":[{"embeddable":true,"href":"https:\/\/diarioregionaldigital.com.br\/index.php?rest_route=\/wp\/v2\/media\/161325"}],"wp:attachment":[{"href":"https:\/\/diarioregionaldigital.com.br\/index.php?rest_route=%2Fwp%2Fv2%2Fmedia&parent=161324"}],"wp:term":[{"taxonomy":"category","embeddable":true,"href":"https:\/\/diarioregionaldigital.com.br\/index.php?rest_route=%2Fwp%2Fv2%2Fcategories&post=161324"},{"taxonomy":"post_tag","embeddable":true,"href":"https:\/\/diarioregionaldigital.com.br\/index.php?rest_route=%2Fwp%2Fv2%2Ftags&post=161324"}],"curies":[{"name":"wp","href":"https:\/\/api.w.org\/{rel}","templated":true}]}}