{"id":161321,"date":"2020-05-29T13:54:13","date_gmt":"2020-05-29T16:54:13","guid":{"rendered":"https:\/\/diarioregionaldigital.com.br\/?p=161321"},"modified":"2020-05-29T13:58:22","modified_gmt":"2020-05-29T16:58:22","slug":"vereadores-rejeitam-veto-da-prefeitura-e-aprovam-a-lei-que-reduz-as-mensalidades-em-30-durante-o-periodo-da-quarentena","status":"publish","type":"post","link":"https:\/\/diarioregionaldigital.com.br\/?p=161321","title":{"rendered":"Vereadores rejeitam veto da Prefeitura e aprovam a lei que reduz as mensalidades em 30% durante o per\u00edodo da quarentena"},"content":{"rendered":"<p>Os vereadores rejeitaram em Reuni\u00e3o Plen\u00e1ria, o veto do Poder Executivo para a redu\u00e7\u00e3o de 30% noF valor das mensalidades escolares durante o per\u00edodo da quarentena. Ap\u00f3s o comunicado da C\u00e2mara sobre a rejei\u00e7\u00e3o do veto, o Executivo ter\u00e1 48 horas para promulgar a lei. Caso n\u00e3o o fa\u00e7a, compete ao presidente do Legislativo, nas 48 horas seguintes, promulg\u00e1-la e public\u00e1-la. Os vereadores defenderam que, embora o Executivo tenha apresentado a justificativa de que a mat\u00e9ria \u00e9 de compet\u00eancia privativa da Uni\u00e3o por se tratar de Direito Civil, entendem ser uma lei relacionada a Direito do Consumidor e que, por isso, estaria na compet\u00eancia da Casa.<\/p>\n<p>A redu\u00e7\u00e3o ser\u00e1 aplicada durante o tempo em que as escolas estiverem com suas atividades suspensas em virtude do plano municipal de conting\u00eancia que busca evitar a prolifera\u00e7\u00e3o do novo Coronav\u00edrus. De acordo com o PL, os estabelecimentos de ensino que possuam calend\u00e1rio regular, com previs\u00e3o de recesso semestral, poder\u00e3o aplicar a redu\u00e7\u00e3o da mensalidade a partir do 31\u00ba dia de suspens\u00e3o das aulas. J\u00e1 os estabelecimentos de ensino adeptos do calend\u00e1rio ininterrupto de aulas, creches e demais unidades de ensino de carga hor\u00e1ria integral ficam obrigados a aplicar, de forma imediata, a redu\u00e7\u00e3o de mensalidade. \u201cQuem j\u00e1 pagou deve pedir ressarcimento ao estabelecimento e, em caso de negativa, recorrer ao Procon\u201d, esclareceu o vereador. A fiscaliza\u00e7\u00e3o do cumprimento da medida fica a cargo do Procon e, em caso de descumprimento da norma, incidir\u00e1 sobre a empresa multa de at\u00e9 R$ 2.500, passando para R$ 5.000 em caso de reincid\u00eancia. A redu\u00e7\u00e3o ser\u00e1 automaticamente cancelada com o fim da suspens\u00e3o das aulas.<\/p>\n<p>&nbsp;<\/p>\n<p><strong>Fonte:\u00a0<\/strong>Assessoria<\/p>\n","protected":false},"excerpt":{"rendered":"<p>Os vereadores rejeitaram em Reuni\u00e3o Plen\u00e1ria, o veto do Poder Executivo para a redu\u00e7\u00e3o de 30% noF valor das mensalidades escolares durante o per\u00edodo da quarentena. Ap\u00f3s o comunicado da C\u00e2mara sobre a rejei\u00e7\u00e3o do veto, o Executivo ter\u00e1 48 horas para promulgar a lei. Caso n\u00e3o o fa\u00e7a, compete ao presidente do Legislativo, nas [&hellip;]<\/p>\n","protected":false},"author":96,"featured_media":161322,"comment_status":"closed","ping_status":"closed","sticky":false,"template":"","format":"standard","meta":{"footnotes":""},"categories":[436,254,439],"tags":[],"class_list":["post-161321","post","type-post","status-publish","format-standard","has-post-thumbnail","hentry","category-destaque-da-semana","category-politica","category-ultima-hora"],"_links":{"self":[{"href":"https:\/\/diarioregionaldigital.com.br\/index.php?rest_route=\/wp\/v2\/posts\/161321","targetHints":{"allow":["GET"]}}],"collection":[{"href":"https:\/\/diarioregionaldigital.com.br\/index.php?rest_route=\/wp\/v2\/posts"}],"about":[{"href":"https:\/\/diarioregionaldigital.com.br\/index.php?rest_route=\/wp\/v2\/types\/post"}],"author":[{"embeddable":true,"href":"https:\/\/diarioregionaldigital.com.br\/index.php?rest_route=\/wp\/v2\/users\/96"}],"replies":[{"embeddable":true,"href":"https:\/\/diarioregionaldigital.com.br\/index.php?rest_route=%2Fwp%2Fv2%2Fcomments&post=161321"}],"version-history":[{"count":0,"href":"https:\/\/diarioregionaldigital.com.br\/index.php?rest_route=\/wp\/v2\/posts\/161321\/revisions"}],"wp:featuredmedia":[{"embeddable":true,"href":"https:\/\/diarioregionaldigital.com.br\/index.php?rest_route=\/wp\/v2\/media\/161322"}],"wp:attachment":[{"href":"https:\/\/diarioregionaldigital.com.br\/index.php?rest_route=%2Fwp%2Fv2%2Fmedia&parent=161321"}],"wp:term":[{"taxonomy":"category","embeddable":true,"href":"https:\/\/diarioregionaldigital.com.br\/index.php?rest_route=%2Fwp%2Fv2%2Fcategories&post=161321"},{"taxonomy":"post_tag","embeddable":true,"href":"https:\/\/diarioregionaldigital.com.br\/index.php?rest_route=%2Fwp%2Fv2%2Ftags&post=161321"}],"curies":[{"name":"wp","href":"https:\/\/api.w.org\/{rel}","templated":true}]}}