{"id":161318,"date":"2020-05-29T13:51:32","date_gmt":"2020-05-29T16:51:32","guid":{"rendered":"https:\/\/diarioregionaldigital.com.br\/?p=161318"},"modified":"2020-05-29T13:51:32","modified_gmt":"2020-05-29T16:51:32","slug":"ufjf-assina-termo-de-cooperacao-com-o-estado-de-mg-para-combate-ao-coronavirus-nos-municipios-da-regiao-leste","status":"publish","type":"post","link":"https:\/\/diarioregionaldigital.com.br\/?p=161318","title":{"rendered":"UFJF assina termo de coopera\u00e7\u00e3o com o estado de MG para combate ao coronav\u00edrus nos munic\u00edpios da regi\u00e3o leste"},"content":{"rendered":"<p>Uma coopera\u00e7\u00e3o t\u00e9cnica entre a Universidade Federal de Juiz de Fora (UFJF) e a Secretaria de Estado de Sa\u00fade de Minas Gerais (SES-MG) promete intensificar o enfrentamento ao novo coronav\u00edrus nos munic\u00edpios da regi\u00e3o leste. Com a parceria \u2013 que vai durar enquanto permanecer o estado de calamidade p\u00fablica decretado pelos \u00f3rg\u00e3os competentes \u2013 a universidade coloca \u00e0 disposi\u00e7\u00e3o da sociedade a sua infraestrutura e o conhecimento produzido por professores e servidores t\u00e9cnicos do campus de Governador Valadares.<\/p>\n<p>A atua\u00e7\u00e3o da UFJF vai se concentrar principalmente no assessoramento t\u00e9cnico, o que inclui a constru\u00e7\u00e3o e an\u00e1lise dos indicadores de evolu\u00e7\u00e3o da doen\u00e7a e a elabora\u00e7\u00e3o de pol\u00edticas de sa\u00fade p\u00fablica voltadas para o combate \u00e0 pandemia. J\u00e1 a Superintend\u00eancia Regional de Sa\u00fade de Governador Valadares (SRS-GV) \u2013 vinculada \u00e0 SES-MG e respons\u00e1vel pela viabiliza\u00e7\u00e3o do acordo \u2013 se compromete a apresentar os dados relacionados \u00e0 covid-19 necess\u00e1rios ao trabalho da universidade.<\/p>\n<p>Como o termo de coopera\u00e7\u00e3o foi assinado em regime de urg\u00eancia, o plano de trabalho \u2013 documento que detalha as atividades a serem desenvolvidas \u2013 foi dispensado. Devido a isso, todas as a\u00e7\u00f5es de professores, t\u00e9cnicos administrativos e terceirizados junto \u00e0 SRS, j\u00e1 executadas ou em andamento, precisam ser registradas no Siga para terem validade. Os servidores devem inclu\u00ed-las no campo \u201cchamada para registro de a\u00e7\u00f5es de preven\u00e7\u00e3o e enfrentamento \u00e0 covid-19\u201d e encaminhar o recibo para a Secretaria da Dire\u00e7\u00e3o do Instituto de Ci\u00eancias da Vida (ICV) atrav\u00e9s do seguinte e-mail: secretaria.direcao.icv@ufjf.edu.br.<\/p>\n<p>Na avalia\u00e7\u00e3o do diretor do ICV, \u00c2ngelo Denadai, o termo de coopera\u00e7\u00e3o t\u00e9cnica confere mais formalidade e unidade \u00e0s a\u00e7\u00f5es que v\u00eam sendo executadas pelo campus para conter a pandemia. \u201cDesde o agravamento do coronav\u00edrus em Governador Valadares, a UFJF promove treinamentos de servidores da \u00e1rea de sa\u00fade do munic\u00edpio, produ\u00e7\u00e3o e distribui\u00e7\u00e3o de m\u00e1scaras, produ\u00e7\u00e3o de \u00e1lcool em gel e uma s\u00e9rie de outras iniciativas. Acontece que todas essas atividades vinham sendo desenvolvidas de forma isolada pela nossa comunidade acad\u00eamica. Com a assinatura do termo, o trabalho do campus no enfrentamento \u00e0 pandemia ganha mais unidade e os projetos dos docentes, t\u00e9cnicos administrativos e servidores terceirizados passam a ser mais respaldados, pois contam com um documento formalizando suas atua\u00e7\u00f5es\u201d, afirmou.<\/p>\n<p>A coopera\u00e7\u00e3o t\u00e9cnica amplia o rol de a\u00e7\u00f5es do campus, que inclui, por exemplo, colabora\u00e7\u00e3o com a pr\u00f3pria Superintend\u00eancia Regional de Sa\u00fade, o Departamento de Vigil\u00e2ncia em Sa\u00fade e o N\u00facleo de Apoio \u00e0 Sa\u00fade da Fam\u00edlia (Nasf) do munic\u00edpio.<\/p>\n<p>De acordo com o diretor-geral do campus, \u201cesse esp\u00edrito de coopera\u00e7\u00e3o interinstitucional com a integra\u00e7\u00e3o dos recursos dispon\u00edveis \u00e9 uma caracter\u00edstica das a\u00e7\u00f5es realizadas pela UFJF junto ao Comit\u00ea Macrorregional [respons\u00e1vel por analisar a conjuntura e criar medidas para controlar o cont\u00e1gio pelo novo coronav\u00edrus nos 51 munic\u00edpios atendidos pela SRS-GV]\u201d. Ainda, segundo ele, estas parcerias \u201cpotencializam a for\u00e7a de trabalho para o desenvolvimento do sistema de sa\u00fade que precisa, mais do que nunca, de a\u00e7\u00f5es qualificadas que a universidade p\u00fablica pode ofertar.\u201d<\/p>\n<p>O superintendente regional de S\u00e1ude, R\u00f4mulo Gusm\u00e3o, destaca a import\u00e2ncia do trabalho desempenhado pelo campus em parceria com a SRS e a sua efetiva presen\u00e7a no comit\u00ea macrorregional. \u201cA UFJF tem ocupado um papel important\u00edssimo e central no processo de trabalho da regional. Tem ocorrido uma participa\u00e7\u00e3o ativa dos representantes da institui\u00e7\u00e3o, que \u00e9 intensa e estrat\u00e9gica para n\u00f3s pelo potencial t\u00e9cnico que ela traz. E diante de um desafio que \u00e9 complexo, n\u00f3s entendemos ser fundamental o know-how da universidade conosco para que consigamos fazer o adequado enfrentamento deste contexto de pandemia. \u00c9 muito bem vinda esta colabora\u00e7\u00e3o e estamos satisfeitos com os resultados que n\u00f3s j\u00e1 temos conquistado\u201d, afirma.<\/p>\n<p>Quando fala dos resultados, Gusm\u00e3o se refere ao treinamento realizado em todos os hospitais da microrregi\u00e3o que v\u00e3o ser refer\u00eancia para o tratamento de covid-19, a doa\u00e7\u00e3o de equipamentos de prote\u00e7\u00e3o individual e a discuss\u00e3o sobre implanta\u00e7\u00e3o de laborat\u00f3rios de vigil\u00e2ncia em sa\u00fade, al\u00e9m de outras a\u00e7\u00f5es realizadas pela UFJF.<\/p>\n<p>&nbsp;<\/p>\n<p><strong>Fonte:\u00a0<\/strong>Assessoria<\/p>\n","protected":false},"excerpt":{"rendered":"<p>Uma coopera\u00e7\u00e3o t\u00e9cnica entre a Universidade Federal de Juiz de Fora (UFJF) e a Secretaria de Estado de Sa\u00fade de Minas Gerais (SES-MG) promete intensificar o enfrentamento ao novo coronav\u00edrus nos munic\u00edpios da regi\u00e3o leste. Com a parceria \u2013 que vai durar enquanto permanecer o estado de calamidade p\u00fablica decretado pelos \u00f3rg\u00e3os competentes \u2013 a [&hellip;]<\/p>\n","protected":false},"author":96,"featured_media":161319,"comment_status":"closed","ping_status":"closed","sticky":false,"template":"","format":"standard","meta":{"footnotes":""},"categories":[253,436,440,439],"tags":[],"class_list":["post-161318","post","type-post","status-publish","format-standard","has-post-thumbnail","hentry","category-cidade","category-destaque-da-semana","category-destaques-do-dia","category-ultima-hora"],"_links":{"self":[{"href":"https:\/\/diarioregionaldigital.com.br\/index.php?rest_route=\/wp\/v2\/posts\/161318","targetHints":{"allow":["GET"]}}],"collection":[{"href":"https:\/\/diarioregionaldigital.com.br\/index.php?rest_route=\/wp\/v2\/posts"}],"about":[{"href":"https:\/\/diarioregionaldigital.com.br\/index.php?rest_route=\/wp\/v2\/types\/post"}],"author":[{"embeddable":true,"href":"https:\/\/diarioregionaldigital.com.br\/index.php?rest_route=\/wp\/v2\/users\/96"}],"replies":[{"embeddable":true,"href":"https:\/\/diarioregionaldigital.com.br\/index.php?rest_route=%2Fwp%2Fv2%2Fcomments&post=161318"}],"version-history":[{"count":0,"href":"https:\/\/diarioregionaldigital.com.br\/index.php?rest_route=\/wp\/v2\/posts\/161318\/revisions"}],"wp:featuredmedia":[{"embeddable":true,"href":"https:\/\/diarioregionaldigital.com.br\/index.php?rest_route=\/wp\/v2\/media\/161319"}],"wp:attachment":[{"href":"https:\/\/diarioregionaldigital.com.br\/index.php?rest_route=%2Fwp%2Fv2%2Fmedia&parent=161318"}],"wp:term":[{"taxonomy":"category","embeddable":true,"href":"https:\/\/diarioregionaldigital.com.br\/index.php?rest_route=%2Fwp%2Fv2%2Fcategories&post=161318"},{"taxonomy":"post_tag","embeddable":true,"href":"https:\/\/diarioregionaldigital.com.br\/index.php?rest_route=%2Fwp%2Fv2%2Ftags&post=161318"}],"curies":[{"name":"wp","href":"https:\/\/api.w.org\/{rel}","templated":true}]}}