{"id":161315,"date":"2020-05-29T13:44:31","date_gmt":"2020-05-29T16:44:31","guid":{"rendered":"https:\/\/diarioregionaldigital.com.br\/?p=161315"},"modified":"2020-05-29T13:44:31","modified_gmt":"2020-05-29T16:44:31","slug":"governo-de-minas-recupera-e-devolve-130-respiradores-para-diversas-regioes-do-estado","status":"publish","type":"post","link":"https:\/\/diarioregionaldigital.com.br\/?p=161315","title":{"rendered":"Governo de Minas recupera e devolve 130 respiradores para diversas regi\u00f5es do estado"},"content":{"rendered":"<p>A opera\u00e7\u00e3o realizada pelo\u00a0Governo de Minas\u00a0para recupera\u00e7\u00e3o de respiradores no estado j\u00e1 garantiu, at\u00e9 o momento, a devolu\u00e7\u00e3o de 130 aparelhos prontos para utiliza\u00e7\u00e3o no enfrentamento da pandemia do coronav\u00edrus. Os equipamentos\u00a0s\u00e3o fundamentais no tratamento de pacientes v\u00edtimas da doen\u00e7a. Eles foram entregues em 30 munic\u00edpios de diversas regi\u00f5es, ampliando a capacidade de atendimento do sistema de sa\u00fade mineiro.<\/p>\n<p>A estrat\u00e9gia estabelecida pelo governador Romeu Zema teve in\u00edcio no dia 3\/4, a partir do mapeamento de respiradores estragados e inutilizados em estabelecimentos hospitalares em todo o estado. Eles foram recolhidos e est\u00e3o sendo consertados e devolvidos, sem custo, para os seus respectivos donos. Al\u00e9m disso, alguns equipamentos poder\u00e3o ser realocados, mediante disponibilidade, em \u00e1reas estrat\u00e9gicas determinadas pela\u00a0Secretaria de Estado de Sa\u00fade (SES-MG).<\/p>\n<p>\u201cEssas entregas fazem parte da amplia\u00e7\u00e3o assistencial\u00a0com foco no tratamento da Covid-19. Com a recupera\u00e7\u00e3o desses respiradores, ampliaremos a estrutura da presta\u00e7\u00e3o de servi\u00e7o de Minas Gerais, o que \u00e9 extremamente positivo&#8221;, afirma o secret\u00e1rio de Sa\u00fade, Carlos Eduardo Amaral.<\/p>\n<p>A log\u00edstica\u00a0de busca para\u00a0reparo e destina\u00e7\u00e3o dos respiradores est\u00e1 sendo coordenada pela\u00a0Pol\u00edcia Militar de Minas Gerais (PMMG), que atuou em conjunto com as secretarias de Estado de\u00a0Sa\u00fade (SES)\u00a0e de\u00a0Planejamento e Gest\u00e3o (Seplag). A manuten\u00e7\u00e3o e recupera\u00e7\u00e3o dos respiradores est\u00e1 sendo realizada, sem custo, gra\u00e7as aos parceiros: Fiat, ArcelorMittal,\u00a0Servi\u00e7o Social da Ind\u00fastria (Sesi) e Sistema Nacional de Aprendizagem Industrial (Senai). At\u00e9 o momento, foram recolhidos 447 aparelhos e 197 j\u00e1 passaram por manuten\u00e7\u00e3o.<\/p>\n<p>O comandante-geral da Pol\u00edcia Militar, coronel Giovanne Gomes da Silva, detalha\u00a0o trabalho estrat\u00e9gico realizado pela institui\u00e7\u00e3o.<\/p>\n<p>\u201cRecebemos a determina\u00e7\u00e3o do governador para que os policiais militares se deslocassem a todas as unidades hospitalares, indicadas pela Secretaria de Sa\u00fade, que tinham respiradores estragados ou que n\u00e3o estavam sendo utilizados. N\u00f3s, em uma opera\u00e7\u00e3o de guerra, trouxemos todos os respiradores para a Academia da Pol\u00edcia Militar e depois enviamos para os locais de manuten\u00e7\u00e3o. Agora, estamos na fase de devolu\u00e7\u00e3o dos aparelhos que ser\u00e3o utilizados para salvar vidas, que \u00e9 o nosso maior objetivo\u201d, ressalta\u00a0o comandante.<\/p>\n<p><strong>Entregas<\/strong><\/p>\n<p>A entrega dos respiradores teve in\u00edcio no dia 18\/5. No dia seguinte, o governador Romeu Zema esteve em Te\u00f3filo Otoni, no Vale do Mucuri, para a entrega oficial de dez aparelhos para o munic\u00edpio. Eles foram redirecionados para o munic\u00edpio com o objetivo de fortalecer a estrutura de sa\u00fade da regi\u00e3o. A estrat\u00e9gia tamb\u00e9m foi adotada no envio de outros nove equipamentos para Diamantina, no Alto Jequitinhonha.<\/p>\n<p>&nbsp;<\/p>\n<p><strong>Fonte:\u00a0<\/strong>Ag\u00eancia Brasil<\/p>\n","protected":false},"excerpt":{"rendered":"<p>A opera\u00e7\u00e3o realizada pelo\u00a0Governo de Minas\u00a0para recupera\u00e7\u00e3o de respiradores no estado j\u00e1 garantiu, at\u00e9 o momento, a devolu\u00e7\u00e3o de 130 aparelhos prontos para utiliza\u00e7\u00e3o no enfrentamento da pandemia do coronav\u00edrus. Os equipamentos\u00a0s\u00e3o fundamentais no tratamento de pacientes v\u00edtimas da doen\u00e7a. Eles foram entregues em 30 munic\u00edpios de diversas regi\u00f5es, ampliando a capacidade de atendimento do [&hellip;]<\/p>\n","protected":false},"author":96,"featured_media":160495,"comment_status":"closed","ping_status":"closed","sticky":false,"template":"","format":"standard","meta":{"footnotes":""},"categories":[436,254,439],"tags":[],"class_list":["post-161315","post","type-post","status-publish","format-standard","has-post-thumbnail","hentry","category-destaque-da-semana","category-politica","category-ultima-hora"],"_links":{"self":[{"href":"https:\/\/diarioregionaldigital.com.br\/index.php?rest_route=\/wp\/v2\/posts\/161315","targetHints":{"allow":["GET"]}}],"collection":[{"href":"https:\/\/diarioregionaldigital.com.br\/index.php?rest_route=\/wp\/v2\/posts"}],"about":[{"href":"https:\/\/diarioregionaldigital.com.br\/index.php?rest_route=\/wp\/v2\/types\/post"}],"author":[{"embeddable":true,"href":"https:\/\/diarioregionaldigital.com.br\/index.php?rest_route=\/wp\/v2\/users\/96"}],"replies":[{"embeddable":true,"href":"https:\/\/diarioregionaldigital.com.br\/index.php?rest_route=%2Fwp%2Fv2%2Fcomments&post=161315"}],"version-history":[{"count":0,"href":"https:\/\/diarioregionaldigital.com.br\/index.php?rest_route=\/wp\/v2\/posts\/161315\/revisions"}],"wp:featuredmedia":[{"embeddable":true,"href":"https:\/\/diarioregionaldigital.com.br\/index.php?rest_route=\/wp\/v2\/media\/160495"}],"wp:attachment":[{"href":"https:\/\/diarioregionaldigital.com.br\/index.php?rest_route=%2Fwp%2Fv2%2Fmedia&parent=161315"}],"wp:term":[{"taxonomy":"category","embeddable":true,"href":"https:\/\/diarioregionaldigital.com.br\/index.php?rest_route=%2Fwp%2Fv2%2Fcategories&post=161315"},{"taxonomy":"post_tag","embeddable":true,"href":"https:\/\/diarioregionaldigital.com.br\/index.php?rest_route=%2Fwp%2Fv2%2Ftags&post=161315"}],"curies":[{"name":"wp","href":"https:\/\/api.w.org\/{rel}","templated":true}]}}