{"id":161312,"date":"2020-05-29T13:42:40","date_gmt":"2020-05-29T16:42:40","guid":{"rendered":"https:\/\/diarioregionaldigital.com.br\/?p=161312"},"modified":"2020-05-29T13:47:24","modified_gmt":"2020-05-29T16:47:24","slug":"minas-gerais-passa-da-marca-de-9-mil-casos-confirmados-de-coronavirus","status":"publish","type":"post","link":"https:\/\/diarioregionaldigital.com.br\/?p=161312","title":{"rendered":"Minas Gerais passa da marca de 9 mil casos confirmados de Coronav\u00edrus"},"content":{"rendered":"<p>O <a href=\"https:\/\/saude.mg.gov.br\/images\/noticias_e_eventos\/000_2020\/Boletins_Corona\/Boletim_Epidemiologico_COVID-19_29.05.2020.pdf\">boletim epidemiol\u00f3gico<\/a> divulgado nesta sexta-feira (29) pela Secretaria de Estado da Sa\u00fade de Minas Gerais (SES-MG), confirma que o estado passou da marca de 9 mil casos confirmados de Coronav\u00edrus, contabilizando 9.232 ao todo. Segundo o levantamento, houve aumento de mais dois \u00f3bitos, totalizando 257 mortes confirmadas. Conforme o levantamento, 4.333 pacientes est\u00e3o recuperados da doen\u00e7a, representando 46,9% dos casos.<\/p>\n<p>Conforme os dados, 4.600 pacientes confirmados com a doen\u00e7a est\u00e3o fazendo isolamento social e 1.536 est\u00e3o internados. Al\u00e9m disso, foram feitos 21.237 testes laboratoriais, sendo que 1.596 deram resultado positivo, 19.020 deram negativo para Coronav\u00edrus e 515 est\u00e3o sob an\u00e1lise.<\/p>\n<p>Os\u00a0dados atualizados\u00a0referentes a \u00f3bitos confirmados em Minas Gerais podem ser conferidos no anexo abaixo.<\/p>\n<p><a href=\"https:\/\/diarioregionaldigital.com.br\/wp-content\/uploads\/2020\/05\/OBITOS_CONF_COVID-19_MG_29.05.2020.xls\">OBITOS_CONF_COVID-19_MG_29.05.2020<\/a><\/p>\n","protected":false},"excerpt":{"rendered":"<p>O boletim epidemiol\u00f3gico divulgado nesta sexta-feira (29) pela Secretaria de Estado da Sa\u00fade de Minas Gerais (SES-MG), confirma que o estado passou da marca de 9 mil casos confirmados de Coronav\u00edrus, contabilizando 9.232 ao todo. Segundo o levantamento, houve aumento de mais dois \u00f3bitos, totalizando 257 mortes confirmadas. Conforme o levantamento, 4.333 pacientes est\u00e3o recuperados [&hellip;]<\/p>\n","protected":false},"author":96,"featured_media":160504,"comment_status":"closed","ping_status":"closed","sticky":false,"template":"","format":"standard","meta":{"footnotes":""},"categories":[436,440,252,439],"tags":[],"class_list":["post-161312","post","type-post","status-publish","format-standard","has-post-thumbnail","hentry","category-destaque-da-semana","category-destaques-do-dia","category-regiao","category-ultima-hora"],"_links":{"self":[{"href":"https:\/\/diarioregionaldigital.com.br\/index.php?rest_route=\/wp\/v2\/posts\/161312","targetHints":{"allow":["GET"]}}],"collection":[{"href":"https:\/\/diarioregionaldigital.com.br\/index.php?rest_route=\/wp\/v2\/posts"}],"about":[{"href":"https:\/\/diarioregionaldigital.com.br\/index.php?rest_route=\/wp\/v2\/types\/post"}],"author":[{"embeddable":true,"href":"https:\/\/diarioregionaldigital.com.br\/index.php?rest_route=\/wp\/v2\/users\/96"}],"replies":[{"embeddable":true,"href":"https:\/\/diarioregionaldigital.com.br\/index.php?rest_route=%2Fwp%2Fv2%2Fcomments&post=161312"}],"version-history":[{"count":0,"href":"https:\/\/diarioregionaldigital.com.br\/index.php?rest_route=\/wp\/v2\/posts\/161312\/revisions"}],"wp:featuredmedia":[{"embeddable":true,"href":"https:\/\/diarioregionaldigital.com.br\/index.php?rest_route=\/wp\/v2\/media\/160504"}],"wp:attachment":[{"href":"https:\/\/diarioregionaldigital.com.br\/index.php?rest_route=%2Fwp%2Fv2%2Fmedia&parent=161312"}],"wp:term":[{"taxonomy":"category","embeddable":true,"href":"https:\/\/diarioregionaldigital.com.br\/index.php?rest_route=%2Fwp%2Fv2%2Fcategories&post=161312"},{"taxonomy":"post_tag","embeddable":true,"href":"https:\/\/diarioregionaldigital.com.br\/index.php?rest_route=%2Fwp%2Fv2%2Ftags&post=161312"}],"curies":[{"name":"wp","href":"https:\/\/api.w.org\/{rel}","templated":true}]}}