{"id":161298,"date":"2020-05-29T06:00:32","date_gmt":"2020-05-29T09:00:32","guid":{"rendered":"https:\/\/diarioregionaldigital.com.br\/?p=161298"},"modified":"2020-05-28T22:07:35","modified_gmt":"2020-05-29T01:07:35","slug":"celebridade","status":"publish","type":"post","link":"https:\/\/diarioregionaldigital.com.br\/?p=161298","title":{"rendered":"Celebridade"},"content":{"rendered":"<p style=\"text-align: center;\"><strong>Design<\/strong><\/p>\n<p style=\"text-align: center;\">Pe\u00e7as de cer\u00e2mica artesanais s\u00e3o a certeza de um caf\u00e9 charmoso em \u00e9poca de isolamento social para servir as del\u00edcias da Padaria Linda. Uma mesa bonita com arranjos by Teca Alencar \u00e9 um aconchego a mais tamb\u00e9m na hora do ch\u00e1. Al\u00e9m de lindas as modeladas por Adriana Vieira Lopes s\u00e3o feitas com esmaltes criadas por ela em seu ateli\u00ea no bairro Granbery. S\u00e3o pratos bows, canecas e copos e ela aceita encomendas.<\/p>\n<p style=\"text-align: center;\"><strong>Aten\u00e7\u00e3o<\/strong><\/p>\n<p style=\"text-align: center;\">Nada ser\u00e1 como antes depois que a pandemia passar. O risco sanit\u00e1rio no transporte p\u00fablico e nas periferias pede um novo desenho na infraestrutura das cidades em dire\u00e7\u00e3o a redu\u00e7\u00e3o de desigualdades. S\u00e3o as for\u00e7as que moldam o mundo p\u00f3s-pandemia.<\/p>\n<p style=\"text-align: center;\"><strong>Alerta dos Psic\u00f3logos<\/strong><\/p>\n<p style=\"text-align: center;\">O fato de voc\u00ea, que est\u00e1 em isolamento, estar conversando com as plantas ornamentais em sua casa \u00e9 um fen\u00f4meno normal. N\u00e3o h\u00e1 necessidade de ligar por um psic\u00f3logo ou psiquiatra. Ajuda profissional deve ser procurada apenas nos casos em que as plantas comecem a responder.<\/p>\n<p style=\"text-align: center;\"><strong>Celebridade<\/strong><\/p>\n<p style=\"text-align: center;\">Quarentena de craque \u00e9 coisa para metro. O jogador Neymar tem batido um bol\u00e3o em tempos de isolamento social: ao menos uma vez por semana recebe convidados em sua mans\u00e3o de Mangaratiba. Em estilo hollydiano a casa tem seis su\u00edtes, heliponto, campo de futebol, quadra de t\u00eanis, danceteria e muito champanhe francesa para animadas festas.<\/p>\n<p style=\"text-align: center;\"><span style=\"font-size: 14pt;\"><strong>Para Refletir<\/strong><\/span><\/p>\n<p style=\"text-align: center;\">\u201cQuando ningu\u00e9m comemorar por voc\u00ea. Comemore voc\u00ea mesmo. Quando ningu\u00e9m te elogiar. Fa\u00e7a voc\u00ea mesmo. N\u00e3o cabe a todos te dar coragem. Esse \u00e9 o seu trabalho. A coragem s\u00f3 pode vir do fundo do seu ser\u201d. (Gilmara Rocha)<\/p>\n<div id=\"attachment_161285\" style=\"width: 690px\" class=\"wp-caption aligncenter\"><img loading=\"lazy\" decoding=\"async\" aria-describedby=\"caption-attachment-161285\" class=\"wp-image-161285\" src=\"https:\/\/diarioregionaldigital.com.br\/wp-content\/uploads\/2020\/05\/fotoa-19.jpg\" alt=\"\" width=\"680\" height=\"683\" srcset=\"https:\/\/diarioregionaldigital.com.br\/wp-content\/uploads\/2020\/05\/fotoa-19.jpg 827w, https:\/\/diarioregionaldigital.com.br\/wp-content\/uploads\/2020\/05\/fotoa-19-300x300.jpg 300w, https:\/\/diarioregionaldigital.com.br\/wp-content\/uploads\/2020\/05\/fotoa-19-150x150.jpg 150w, https:\/\/diarioregionaldigital.com.br\/wp-content\/uploads\/2020\/05\/fotoa-19-768x772.jpg 768w, https:\/\/diarioregionaldigital.com.br\/wp-content\/uploads\/2020\/05\/fotoa-19-180x180.jpg 180w, https:\/\/diarioregionaldigital.com.br\/wp-content\/uploads\/2020\/05\/fotoa-19-120x120.jpg 120w, https:\/\/diarioregionaldigital.com.br\/wp-content\/uploads\/2020\/05\/fotoa-19-360x362.jpg 360w, https:\/\/diarioregionaldigital.com.br\/wp-content\/uploads\/2020\/05\/fotoa-19-80x80.jpg 80w\" sizes=\"auto, (max-width: 680px) 100vw, 680px\" \/><p id=\"caption-attachment-161285\" class=\"wp-caption-text\">Aniversariante de destaque da temporada social, a bonita delegada de Policia Civil \u00c2ngela Fellet posou com as filhas Luana e Nat\u00e1lia<\/p><\/div>\n<div id=\"attachment_161286\" style=\"width: 690px\" class=\"wp-caption aligncenter\"><img loading=\"lazy\" decoding=\"async\" aria-describedby=\"caption-attachment-161286\" class=\"wp-image-161286\" src=\"https:\/\/diarioregionaldigital.com.br\/wp-content\/uploads\/2020\/05\/fotob-19-e1590713766449.jpg\" alt=\"\" width=\"680\" height=\"514\" srcset=\"https:\/\/diarioregionaldigital.com.br\/wp-content\/uploads\/2020\/05\/fotob-19-e1590713766449.jpg 955w, https:\/\/diarioregionaldigital.com.br\/wp-content\/uploads\/2020\/05\/fotob-19-e1590713766449-300x227.jpg 300w, https:\/\/diarioregionaldigital.com.br\/wp-content\/uploads\/2020\/05\/fotob-19-e1590713766449-768x581.jpg 768w, https:\/\/diarioregionaldigital.com.br\/wp-content\/uploads\/2020\/05\/fotob-19-e1590713766449-360x272.jpg 360w\" sizes=\"auto, (max-width: 680px) 100vw, 680px\" \/><p id=\"caption-attachment-161286\" class=\"wp-caption-text\">A bonita elegante Adelaide Rodrigues, recebendo um foco de luz astral<\/p><\/div>\n<div id=\"attachment_161287\" style=\"width: 690px\" class=\"wp-caption aligncenter\"><img loading=\"lazy\" decoding=\"async\" aria-describedby=\"caption-attachment-161287\" class=\"wp-image-161287\" src=\"https:\/\/diarioregionaldigital.com.br\/wp-content\/uploads\/2020\/05\/fotoc-17-e1590713786692.jpg\" alt=\"\" width=\"680\" height=\"529\" srcset=\"https:\/\/diarioregionaldigital.com.br\/wp-content\/uploads\/2020\/05\/fotoc-17-e1590713786692.jpg 1439w, https:\/\/diarioregionaldigital.com.br\/wp-content\/uploads\/2020\/05\/fotoc-17-e1590713786692-300x233.jpg 300w, https:\/\/diarioregionaldigital.com.br\/wp-content\/uploads\/2020\/05\/fotoc-17-e1590713786692-1024x796.jpg 1024w, https:\/\/diarioregionaldigital.com.br\/wp-content\/uploads\/2020\/05\/fotoc-17-e1590713786692-768x597.jpg 768w, https:\/\/diarioregionaldigital.com.br\/wp-content\/uploads\/2020\/05\/fotoc-17-e1590713786692-360x280.jpg 360w\" sizes=\"auto, (max-width: 680px) 100vw, 680px\" \/><p id=\"caption-attachment-161287\" class=\"wp-caption-text\">Charme do professor e nutricionista Renato Nunes, em isolamento social<\/p><\/div>\n<div id=\"attachment_161288\" style=\"width: 690px\" class=\"wp-caption aligncenter\"><img loading=\"lazy\" decoding=\"async\" aria-describedby=\"caption-attachment-161288\" class=\"wp-image-161288\" src=\"https:\/\/diarioregionaldigital.com.br\/wp-content\/uploads\/2020\/05\/fotod-18-e1590713820755.jpg\" alt=\"\" width=\"680\" height=\"490\" srcset=\"https:\/\/diarioregionaldigital.com.br\/wp-content\/uploads\/2020\/05\/fotod-18-e1590713820755.jpg 947w, https:\/\/diarioregionaldigital.com.br\/wp-content\/uploads\/2020\/05\/fotod-18-e1590713820755-300x216.jpg 300w, https:\/\/diarioregionaldigital.com.br\/wp-content\/uploads\/2020\/05\/fotod-18-e1590713820755-768x554.jpg 768w, https:\/\/diarioregionaldigital.com.br\/wp-content\/uploads\/2020\/05\/fotod-18-e1590713820755-360x260.jpg 360w\" sizes=\"auto, (max-width: 680px) 100vw, 680px\" \/><p id=\"caption-attachment-161288\" class=\"wp-caption-text\">Em jantar elegante festejando a vida: o arquiteto Alberto Ribeiro Mendes e o professor Thenner Freitas<\/p><\/div>\n<div id=\"attachment_161289\" style=\"width: 690px\" class=\"wp-caption aligncenter\"><img loading=\"lazy\" decoding=\"async\" aria-describedby=\"caption-attachment-161289\" class=\"wp-image-161289\" src=\"https:\/\/diarioregionaldigital.com.br\/wp-content\/uploads\/2020\/05\/fotoe-17-e1590713857419.jpg\" alt=\"\" width=\"680\" height=\"482\" srcset=\"https:\/\/diarioregionaldigital.com.br\/wp-content\/uploads\/2020\/05\/fotoe-17-e1590713857419.jpg 960w, https:\/\/diarioregionaldigital.com.br\/wp-content\/uploads\/2020\/05\/fotoe-17-e1590713857419-300x213.jpg 300w, https:\/\/diarioregionaldigital.com.br\/wp-content\/uploads\/2020\/05\/fotoe-17-e1590713857419-768x545.jpg 768w, https:\/\/diarioregionaldigital.com.br\/wp-content\/uploads\/2020\/05\/fotoe-17-e1590713857419-750x530.jpg 750w, https:\/\/diarioregionaldigital.com.br\/wp-content\/uploads\/2020\/05\/fotoe-17-e1590713857419-360x255.jpg 360w, https:\/\/diarioregionaldigital.com.br\/wp-content\/uploads\/2020\/05\/fotoe-17-e1590713857419-100x70.jpg 100w\" sizes=\"auto, (max-width: 680px) 100vw, 680px\" \/><p id=\"caption-attachment-161289\" class=\"wp-caption-text\">Em ritmo de alegria, os lindos Felipe Nogueira e D\u00e9bora Gonzales<\/p><\/div>\n<div id=\"attachment_161290\" style=\"width: 690px\" class=\"wp-caption aligncenter\"><img loading=\"lazy\" decoding=\"async\" aria-describedby=\"caption-attachment-161290\" class=\"wp-image-161290\" src=\"https:\/\/diarioregionaldigital.com.br\/wp-content\/uploads\/2020\/05\/fotof-16-e1590713895195.jpg\" alt=\"\" width=\"680\" height=\"487\" srcset=\"https:\/\/diarioregionaldigital.com.br\/wp-content\/uploads\/2020\/05\/fotof-16-e1590713895195.jpg 717w, https:\/\/diarioregionaldigital.com.br\/wp-content\/uploads\/2020\/05\/fotof-16-e1590713895195-300x215.jpg 300w, https:\/\/diarioregionaldigital.com.br\/wp-content\/uploads\/2020\/05\/fotof-16-e1590713895195-360x258.jpg 360w\" sizes=\"auto, (max-width: 680px) 100vw, 680px\" \/><p id=\"caption-attachment-161290\" class=\"wp-caption-text\">Estrelas da beleza e dos shows musicais: Baby Mancini e Aloma Divina<\/p><\/div>\n<div id=\"attachment_161291\" style=\"width: 690px\" class=\"wp-caption aligncenter\"><img loading=\"lazy\" decoding=\"async\" aria-describedby=\"caption-attachment-161291\" class=\"wp-image-161291\" src=\"https:\/\/diarioregionaldigital.com.br\/wp-content\/uploads\/2020\/05\/fotog-15-e1590713924564.jpg\" alt=\"\" width=\"680\" height=\"495\" srcset=\"https:\/\/diarioregionaldigital.com.br\/wp-content\/uploads\/2020\/05\/fotog-15-e1590713924564.jpg 814w, https:\/\/diarioregionaldigital.com.br\/wp-content\/uploads\/2020\/05\/fotog-15-e1590713924564-300x218.jpg 300w, https:\/\/diarioregionaldigital.com.br\/wp-content\/uploads\/2020\/05\/fotog-15-e1590713924564-768x559.jpg 768w, https:\/\/diarioregionaldigital.com.br\/wp-content\/uploads\/2020\/05\/fotog-15-e1590713924564-360x262.jpg 360w\" sizes=\"auto, (max-width: 680px) 100vw, 680px\" \/><p id=\"caption-attachment-161291\" class=\"wp-caption-text\">Mulheres chiqu\u00e9rrimas e requintadas: Cristina Mansur e Jacqueline Vianna<\/p><\/div>\n<div id=\"attachment_161292\" style=\"width: 690px\" class=\"wp-caption aligncenter\"><img loading=\"lazy\" decoding=\"async\" aria-describedby=\"caption-attachment-161292\" class=\"wp-image-161292\" src=\"https:\/\/diarioregionaldigital.com.br\/wp-content\/uploads\/2020\/05\/fotoh-14-e1590713959292.jpg\" alt=\"\" width=\"680\" height=\"531\" srcset=\"https:\/\/diarioregionaldigital.com.br\/wp-content\/uploads\/2020\/05\/fotoh-14-e1590713959292.jpg 957w, https:\/\/diarioregionaldigital.com.br\/wp-content\/uploads\/2020\/05\/fotoh-14-e1590713959292-300x234.jpg 300w, https:\/\/diarioregionaldigital.com.br\/wp-content\/uploads\/2020\/05\/fotoh-14-e1590713959292-768x600.jpg 768w, https:\/\/diarioregionaldigital.com.br\/wp-content\/uploads\/2020\/05\/fotoh-14-e1590713959292-360x281.jpg 360w\" sizes=\"auto, (max-width: 680px) 100vw, 680px\" \/><p id=\"caption-attachment-161292\" class=\"wp-caption-text\">O botafoguense Nelson J\u00fanior e o flamenguista a Paul Almeida na corrida dos campe\u00f5es<\/p><\/div>\n<div id=\"attachment_161293\" style=\"width: 690px\" class=\"wp-caption aligncenter\"><img loading=\"lazy\" decoding=\"async\" aria-describedby=\"caption-attachment-161293\" class=\"wp-image-161293\" src=\"https:\/\/diarioregionaldigital.com.br\/wp-content\/uploads\/2020\/05\/fotoi-9-e1590713987858.jpg\" alt=\"\" width=\"680\" height=\"484\" srcset=\"https:\/\/diarioregionaldigital.com.br\/wp-content\/uploads\/2020\/05\/fotoi-9-e1590713987858.jpg 1835w, https:\/\/diarioregionaldigital.com.br\/wp-content\/uploads\/2020\/05\/fotoi-9-e1590713987858-300x214.jpg 300w, https:\/\/diarioregionaldigital.com.br\/wp-content\/uploads\/2020\/05\/fotoi-9-e1590713987858-1024x729.jpg 1024w, https:\/\/diarioregionaldigital.com.br\/wp-content\/uploads\/2020\/05\/fotoi-9-e1590713987858-768x547.jpg 768w, https:\/\/diarioregionaldigital.com.br\/wp-content\/uploads\/2020\/05\/fotoi-9-e1590713987858-1536x1093.jpg 1536w, https:\/\/diarioregionaldigital.com.br\/wp-content\/uploads\/2020\/05\/fotoi-9-e1590713987858-360x256.jpg 360w, https:\/\/diarioregionaldigital.com.br\/wp-content\/uploads\/2020\/05\/fotoi-9-e1590713987858-100x70.jpg 100w\" sizes=\"auto, (max-width: 680px) 100vw, 680px\" \/><p id=\"caption-attachment-161293\" class=\"wp-caption-text\">Esperando os eventos sociais voltar, Selma Ferreira e Eduardo Gomes<\/p><\/div>\n<div id=\"attachment_161294\" style=\"width: 690px\" class=\"wp-caption aligncenter\"><img loading=\"lazy\" decoding=\"async\" aria-describedby=\"caption-attachment-161294\" class=\"wp-image-161294\" src=\"https:\/\/diarioregionaldigital.com.br\/wp-content\/uploads\/2020\/05\/fotoj-6-e1590714014744.jpg\" alt=\"\" width=\"680\" height=\"500\" srcset=\"https:\/\/diarioregionaldigital.com.br\/wp-content\/uploads\/2020\/05\/fotoj-6-e1590714014744.jpg 812w, https:\/\/diarioregionaldigital.com.br\/wp-content\/uploads\/2020\/05\/fotoj-6-e1590714014744-300x221.jpg 300w, https:\/\/diarioregionaldigital.com.br\/wp-content\/uploads\/2020\/05\/fotoj-6-e1590714014744-768x565.jpg 768w, https:\/\/diarioregionaldigital.com.br\/wp-content\/uploads\/2020\/05\/fotoj-6-e1590714014744-360x265.jpg 360w\" sizes=\"auto, (max-width: 680px) 100vw, 680px\" \/><p id=\"caption-attachment-161294\" class=\"wp-caption-text\">A linda Emanuelle Oliveira festejou anivers\u00e1rio ladeada com seus pais, Lucimara Thereza e Elton Carlos<\/p><\/div>\n<p style=\"text-align: center;\"><strong>FOTOSS\u00cdNTESE<\/strong><\/p>\n<p>Com seu talento o artista pl\u00e1stico Tadeu Mattoso est\u00e1 restaurando um quadro de Carlos Bracher.<\/p>\n<p>Dignos de elogios, seres humanos do \u201cProjeto Anjos da Rua\u201d est\u00e3o atendendo tamb\u00e9m fam\u00edlias que tiveram a renda comprometida.<\/p>\n<p>Segundo o designer de interiores Luis Henrique Duarte a arte de misturar materiais com textura diferentes em salas modernas instiga o tato e a vis\u00e3o. Os m\u00f3veis e pe\u00e7as de decora\u00e7\u00e3o da loja Jade \u00e9 pura inspira\u00e7\u00e3o para ambientes modernos e contempor\u00e2neos.<\/p>\n<p>Com o turismo paralisado, empres\u00e1rios de Ibitipoca tentam driblar a crise reinventando. Um exemplo \u00e9 a chef Ana Paula Esteves usa agora o delivery como \u00fanica op\u00e7\u00e3o de neg\u00f3cio para seu Oliva Bistr\u00f4.<\/p>\n<p>Causando boa impress\u00e3o a cesta de caf\u00e9 da manh\u00e3 produzida pela presidente da Abrasel Zona da Mata Francele Kalil. Fugindo do lugar comum os itens com as del\u00edcias \u00e9 de comer de joelho.<\/p>\n<p>No Quintas da Avenida, a elegante Iolanda Cabido espera a pandemia passar para reabrir seu restaurante da rua Paracatu, n\u00ba 568.<\/p>\n<p>Aproveitando a pausa do momento, a querida Delia Monteiro da Silva est\u00e1 produzindo lindas pe\u00e7as artesanais.<\/p>\n<p>Monise Glarz e Jos\u00e9 Guilherme Beline fazem sucesso com aulas de pilates em estilos isolamento social. De casa passam instru\u00e7\u00f5es para seus alunos.<\/p>\n<p>Juntinhos e felizes, o bonito casal Alessandro Ribeiro e Wanderson de Paula aproveitam a quarentena assistindo a Netflix e as mais badaladas lives do momento.<\/p>\n<p>Mulheres elegantes de m\u00e1scara: Regina Tostes, Maria L\u00facia Miana, Cristine Carapinha, Rose Oliveira, Andrea Macedo Goosens, Rita D\u00f3ria, S\u00f3ria Calixto, Jael Pifano, Alda Salom\u00e3o e Rika Rocha Calixto.<\/p>\n<p>Homens modernos de m\u00e1scara: Helio F\u00e1del, S\u00e9rgio Felix, Renato Nunes, Fred Alvim, Leonardo Mansur e Giulio Miranda. Est\u00e3o preservando sua vida e dos outros.<\/p>\n<p>Recado: Quando \u00e9 pra acontecer at\u00e9 quem tenta atrapalhar ajuda. Bom dia.<\/p>\n<p><img loading=\"lazy\" decoding=\"async\" class=\"aligncenter size-full wp-image-161299\" src=\"https:\/\/diarioregionaldigital.com.br\/wp-content\/uploads\/2020\/05\/anuncio33-1-scaled.jpg\" alt=\"\" width=\"2560\" height=\"987\" srcset=\"https:\/\/diarioregionaldigital.com.br\/wp-content\/uploads\/2020\/05\/anuncio33-1-scaled.jpg 2560w, https:\/\/diarioregionaldigital.com.br\/wp-content\/uploads\/2020\/05\/anuncio33-1-300x116.jpg 300w, https:\/\/diarioregionaldigital.com.br\/wp-content\/uploads\/2020\/05\/anuncio33-1-1024x395.jpg 1024w, https:\/\/diarioregionaldigital.com.br\/wp-content\/uploads\/2020\/05\/anuncio33-1-768x296.jpg 768w, https:\/\/diarioregionaldigital.com.br\/wp-content\/uploads\/2020\/05\/anuncio33-1-1536x592.jpg 1536w, https:\/\/diarioregionaldigital.com.br\/wp-content\/uploads\/2020\/05\/anuncio33-1-2048x790.jpg 2048w, https:\/\/diarioregionaldigital.com.br\/wp-content\/uploads\/2020\/05\/anuncio33-1-360x139.jpg 360w\" sizes=\"auto, (max-width: 2560px) 100vw, 2560px\" \/><\/p>\n","protected":false},"excerpt":{"rendered":"<p>Design Pe\u00e7as de cer\u00e2mica artesanais s\u00e3o a certeza de um caf\u00e9 charmoso em \u00e9poca de isolamento social para servir as del\u00edcias da Padaria Linda. Uma mesa bonita com arranjos by Teca Alencar \u00e9 um aconchego a mais tamb\u00e9m na hora do ch\u00e1. Al\u00e9m de lindas as modeladas por Adriana Vieira Lopes s\u00e3o feitas com esmaltes [&hellip;]<\/p>\n","protected":false},"author":96,"featured_media":161286,"comment_status":"closed","ping_status":"closed","sticky":false,"template":"","format":"standard","meta":{"footnotes":""},"categories":[264],"tags":[],"class_list":["post-161298","post","type-post","status-publish","format-standard","has-post-thumbnail","hentry","category-eduardo-gomes"],"_links":{"self":[{"href":"https:\/\/diarioregionaldigital.com.br\/index.php?rest_route=\/wp\/v2\/posts\/161298","targetHints":{"allow":["GET"]}}],"collection":[{"href":"https:\/\/diarioregionaldigital.com.br\/index.php?rest_route=\/wp\/v2\/posts"}],"about":[{"href":"https:\/\/diarioregionaldigital.com.br\/index.php?rest_route=\/wp\/v2\/types\/post"}],"author":[{"embeddable":true,"href":"https:\/\/diarioregionaldigital.com.br\/index.php?rest_route=\/wp\/v2\/users\/96"}],"replies":[{"embeddable":true,"href":"https:\/\/diarioregionaldigital.com.br\/index.php?rest_route=%2Fwp%2Fv2%2Fcomments&post=161298"}],"version-history":[{"count":0,"href":"https:\/\/diarioregionaldigital.com.br\/index.php?rest_route=\/wp\/v2\/posts\/161298\/revisions"}],"wp:featuredmedia":[{"embeddable":true,"href":"https:\/\/diarioregionaldigital.com.br\/index.php?rest_route=\/wp\/v2\/media\/161286"}],"wp:attachment":[{"href":"https:\/\/diarioregionaldigital.com.br\/index.php?rest_route=%2Fwp%2Fv2%2Fmedia&parent=161298"}],"wp:term":[{"taxonomy":"category","embeddable":true,"href":"https:\/\/diarioregionaldigital.com.br\/index.php?rest_route=%2Fwp%2Fv2%2Fcategories&post=161298"},{"taxonomy":"post_tag","embeddable":true,"href":"https:\/\/diarioregionaldigital.com.br\/index.php?rest_route=%2Fwp%2Fv2%2Ftags&post=161298"}],"curies":[{"name":"wp","href":"https:\/\/api.w.org\/{rel}","templated":true}]}}