{"id":161295,"date":"2020-05-28T20:57:47","date_gmt":"2020-05-28T23:57:47","guid":{"rendered":"https:\/\/diarioregionaldigital.com.br\/?p=161295"},"modified":"2020-05-28T20:57:47","modified_gmt":"2020-05-28T23:57:47","slug":"covid-19-brasil-tem-438-238-casos-total-de-mortes-chega-a-26-754","status":"publish","type":"post","link":"https:\/\/diarioregionaldigital.com.br\/?p=161295","title":{"rendered":"Covid-19: Brasil tem 438.238 casos; total de mortes chega a 26.754"},"content":{"rendered":"<p>Minist\u00e9rio da Sa\u00fade divulgou, nesta quinta-feira(28), que 26.417 novas pessoas foram inclu\u00eddas na estat\u00edstica de infectados pela covid-19, totalizando 438.238 casos confirmados. O resultado marcou um acr\u00e9scimo de 26.417 em rela\u00e7\u00e3o a ontem (27), quando o n\u00famero de pessoas nesta condi\u00e7\u00e3o estava em 411.821<\/p>\n<p>A atualiza\u00e7\u00e3o do minist\u00e9rio registrou 1.156 novas mortes, chegando a 26.754. O resultado representou um aumento de 1.156 em rela\u00e7\u00e3o a ontem, quando foram contabilizados 25.598 \u00f3bitos por covid-19.<\/p>\n<p>Do total de casos confirmados, 233.880 est\u00e3o em acompanhamento e 177.604 foram recuperados. H\u00e1 ainda 4.211\u00f3bitos sendo analisados.<\/p>\n<p>A letalidade (n\u00famero de mortes pelo total de casos) ficou em 6,1%. J\u00e1 a mortalidade\u00a0foi de 12,7 por 100 mil habitantes.<\/p>\n<p>S\u00e3o Paulo se mant\u00e9m como epicentro da pandemia no pa\u00eds, concentrando o maior n\u00famero de mortes (6.980). O estado \u00e9 seguido pelo Rio de Janeiro (4.856), Cear\u00e1 (2.733), Par\u00e1 (2.704) e Pernambuco (2.566).<\/p>\n<p>Tamb\u00e9m\u00a0foram registradas mortes no Amazonas (1.964), Maranh\u00e3o (887), Bahia (570), Esp\u00edrito Santo (538), Alagoas (385), Para\u00edba (318), Rio Grande do Norte (258), Minas Gerais (255), Rio Grande do Sul (213), Amap\u00e1 (198), Paran\u00e1 (169), Rond\u00f4nia (142), Piau\u00ed (138), Distrito Federal (142), Santa Catarina (131), Sergipe (135), Acre (122), Goi\u00e1s (115), Roraima (102), Tocantins (68), Mato Grosso (51) e Mato Grosso do Sul (18).<\/p>\n<p>J\u00e1 em n\u00famero de casos confirmados, o\u00a0ranking\u00a0tem S\u00e3o Paulo (95.865), Rio de Janeiro (44.886), Cear\u00e1 (37.821), Amazonas (36.146) e Par\u00e1 (33.699). Entre as unidades da federa\u00e7\u00e3o com mais pessoas infectadas est\u00e3o ainda Pernambuco (30.713), Maranh\u00e3o (27.979), Bahia (15.963), Esp\u00edrito Santo (12.203) e Para\u00edba (11.132).<\/p>\n<p>&nbsp;<\/p>\n<p><strong>Fonte:\u00a0<\/strong>Ag\u00eancia Brasil<\/p>\n","protected":false},"excerpt":{"rendered":"<p>Minist\u00e9rio da Sa\u00fade divulgou, nesta quinta-feira(28), que 26.417 novas pessoas foram inclu\u00eddas na estat\u00edstica de infectados pela covid-19, totalizando 438.238 casos confirmados. O resultado marcou um acr\u00e9scimo de 26.417 em rela\u00e7\u00e3o a ontem (27), quando o n\u00famero de pessoas nesta condi\u00e7\u00e3o estava em 411.821 A atualiza\u00e7\u00e3o do minist\u00e9rio registrou 1.156 novas mortes, chegando a 26.754. [&hellip;]<\/p>\n","protected":false},"author":96,"featured_media":161296,"comment_status":"closed","ping_status":"closed","sticky":false,"template":"","format":"standard","meta":{"footnotes":""},"categories":[302,436,440,439],"tags":[],"class_list":["post-161295","post","type-post","status-publish","format-standard","has-post-thumbnail","hentry","category-brasil-mundo","category-destaque-da-semana","category-destaques-do-dia","category-ultima-hora"],"_links":{"self":[{"href":"https:\/\/diarioregionaldigital.com.br\/index.php?rest_route=\/wp\/v2\/posts\/161295","targetHints":{"allow":["GET"]}}],"collection":[{"href":"https:\/\/diarioregionaldigital.com.br\/index.php?rest_route=\/wp\/v2\/posts"}],"about":[{"href":"https:\/\/diarioregionaldigital.com.br\/index.php?rest_route=\/wp\/v2\/types\/post"}],"author":[{"embeddable":true,"href":"https:\/\/diarioregionaldigital.com.br\/index.php?rest_route=\/wp\/v2\/users\/96"}],"replies":[{"embeddable":true,"href":"https:\/\/diarioregionaldigital.com.br\/index.php?rest_route=%2Fwp%2Fv2%2Fcomments&post=161295"}],"version-history":[{"count":0,"href":"https:\/\/diarioregionaldigital.com.br\/index.php?rest_route=\/wp\/v2\/posts\/161295\/revisions"}],"wp:featuredmedia":[{"embeddable":true,"href":"https:\/\/diarioregionaldigital.com.br\/index.php?rest_route=\/wp\/v2\/media\/161296"}],"wp:attachment":[{"href":"https:\/\/diarioregionaldigital.com.br\/index.php?rest_route=%2Fwp%2Fv2%2Fmedia&parent=161295"}],"wp:term":[{"taxonomy":"category","embeddable":true,"href":"https:\/\/diarioregionaldigital.com.br\/index.php?rest_route=%2Fwp%2Fv2%2Fcategories&post=161295"},{"taxonomy":"post_tag","embeddable":true,"href":"https:\/\/diarioregionaldigital.com.br\/index.php?rest_route=%2Fwp%2Fv2%2Ftags&post=161295"}],"curies":[{"name":"wp","href":"https:\/\/api.w.org\/{rel}","templated":true}]}}