{"id":161274,"date":"2020-05-28T17:59:22","date_gmt":"2020-05-28T20:59:22","guid":{"rendered":"https:\/\/diarioregionaldigital.com.br\/?p=161274"},"modified":"2020-05-28T17:59:22","modified_gmt":"2020-05-28T20:59:22","slug":"agentes-de-combate-a-endemias-retomam-visitas-peridomiciliares","status":"publish","type":"post","link":"https:\/\/diarioregionaldigital.com.br\/?p=161274","title":{"rendered":"Agentes de combate a endemias retomam visitas peridomiciliares"},"content":{"rendered":"<p>Neste per\u00edodo de pandemia, as visitas intradomiciliares (dentro das casas) realizadas pelos agentes de combate a endemias (ACEs) foram suspensas. Entretanto, as equipes est\u00e3o fazendo vistorias peridomiciliares, ou seja, nos quintais. Isso significa que os profissionais v\u00e3o atuar apenas em locais abertos que, geralmente, concentram maior quantidade de dep\u00f3sitos que podem se tornar poss\u00edveis criadouros do Aedes aegypti.<\/p>\n<p>O trabalho de preven\u00e7\u00e3o e combate \u00e0 dengue \u00e9 cont\u00ednuo, portanto, os ACEs seguem atuando tamb\u00e9m na aplica\u00e7\u00e3o de ultra baixo volume (UBV) e atendimento de den\u00fancias. Al\u00e9m disso, parte dos servidores continua no monitoramento dos 197 pontos estrat\u00e9gicos espalhados por todas as regi\u00f5es da cidade, com objetivo de avaliar o \u00edndice de infesta\u00e7\u00e3o do mosquito nesses locais.<\/p>\n<p>Para reconhecer um ACE, basta ao morador verificar seu uniforme. Todos os profissionais saem a campo trajados de cal\u00e7a jeans, camisa azul petr\u00f3leo com mangas e golas cinzas. No bolso est\u00e1 escrito Vigil\u00e2ncia Epidemiol\u00f3gica e Ambiental, com o bras\u00e3o \u201cJuiz de Fora \u2013 Prefeitura\u201d na manga direita e no bon\u00e9 cinza. Os agentes tamb\u00e9m podem usar coletes na cor verde, com o s\u00edmbolo do Sistema \u00danico de Sa\u00fade (SUS) no bolso esquerdo e da Prefeitura de Juiz de Fora (PJF) no direito, escrito atr\u00e1s \u201cVigil\u00e2ncia Epidemiol\u00f3gica Ambiental\u201d, e no meio, \u201cAgentes de Endemias Zoonoses\u201d. O outro colete \u00e9 cinza, tem o bras\u00e3o da PJF no bolso esquerdo e do SUS no direito. Atr\u00e1s, escrito &#8220;Vigil\u00e2ncia Epidemiol\u00f3gica Ambiental\u201d, e no meio, \u201cAgentes de Endemias Zoonoses\u201d.<\/p>\n<p>&nbsp;<\/p>\n<p><strong>Fonte:\u00a0<\/strong>Assessoria<\/p>\n","protected":false},"excerpt":{"rendered":"<p>Neste per\u00edodo de pandemia, as visitas intradomiciliares (dentro das casas) realizadas pelos agentes de combate a endemias (ACEs) foram suspensas. Entretanto, as equipes est\u00e3o fazendo vistorias peridomiciliares, ou seja, nos quintais. Isso significa que os profissionais v\u00e3o atuar apenas em locais abertos que, geralmente, concentram maior quantidade de dep\u00f3sitos que podem se tornar poss\u00edveis criadouros [&hellip;]<\/p>\n","protected":false},"author":96,"featured_media":161275,"comment_status":"closed","ping_status":"closed","sticky":false,"template":"","format":"standard","meta":{"footnotes":""},"categories":[253,436,439],"tags":[],"class_list":["post-161274","post","type-post","status-publish","format-standard","has-post-thumbnail","hentry","category-cidade","category-destaque-da-semana","category-ultima-hora"],"_links":{"self":[{"href":"https:\/\/diarioregionaldigital.com.br\/index.php?rest_route=\/wp\/v2\/posts\/161274","targetHints":{"allow":["GET"]}}],"collection":[{"href":"https:\/\/diarioregionaldigital.com.br\/index.php?rest_route=\/wp\/v2\/posts"}],"about":[{"href":"https:\/\/diarioregionaldigital.com.br\/index.php?rest_route=\/wp\/v2\/types\/post"}],"author":[{"embeddable":true,"href":"https:\/\/diarioregionaldigital.com.br\/index.php?rest_route=\/wp\/v2\/users\/96"}],"replies":[{"embeddable":true,"href":"https:\/\/diarioregionaldigital.com.br\/index.php?rest_route=%2Fwp%2Fv2%2Fcomments&post=161274"}],"version-history":[{"count":0,"href":"https:\/\/diarioregionaldigital.com.br\/index.php?rest_route=\/wp\/v2\/posts\/161274\/revisions"}],"wp:featuredmedia":[{"embeddable":true,"href":"https:\/\/diarioregionaldigital.com.br\/index.php?rest_route=\/wp\/v2\/media\/161275"}],"wp:attachment":[{"href":"https:\/\/diarioregionaldigital.com.br\/index.php?rest_route=%2Fwp%2Fv2%2Fmedia&parent=161274"}],"wp:term":[{"taxonomy":"category","embeddable":true,"href":"https:\/\/diarioregionaldigital.com.br\/index.php?rest_route=%2Fwp%2Fv2%2Fcategories&post=161274"},{"taxonomy":"post_tag","embeddable":true,"href":"https:\/\/diarioregionaldigital.com.br\/index.php?rest_route=%2Fwp%2Fv2%2Ftags&post=161274"}],"curies":[{"name":"wp","href":"https:\/\/api.w.org\/{rel}","templated":true}]}}