{"id":161271,"date":"2020-05-28T17:43:56","date_gmt":"2020-05-28T20:43:56","guid":{"rendered":"https:\/\/diarioregionaldigital.com.br\/?p=161271"},"modified":"2020-05-28T17:43:56","modified_gmt":"2020-05-28T20:43:56","slug":"policia-civil-prende-adolescente-por-envolvimento-em-trafico-de-drogas-no-bairro-nossa-senhora-aparecida","status":"publish","type":"post","link":"https:\/\/diarioregionaldigital.com.br\/?p=161271","title":{"rendered":"Pol\u00edcia Civil prende adolescente por envolvimento em tr\u00e1fico de drogas no Bairro Nossa Senhora Aparecida"},"content":{"rendered":"<p><span style=\"font-weight: 400;\">A Pol\u00edcia Civil de Minas Gerais (PCMG), desencadeou na quarta-feira (28), uma opera\u00e7\u00e3o que resultou na pris\u00e3o de um adolescente, no Bairro Nossa Senhora Aparecida (Regi\u00e3o Leste) em Juiz de Fora. A a\u00e7\u00e3o visa o combate ao tr\u00e1fico de drogas e resultou tamb\u00e9m na apreens\u00e3o de materiais relacionadas ao tr\u00e1fico.<\/span><\/p>\n<p><span style=\"font-weight: 400;\">Ao realizar abordagem,\u00a0 a equipe de policiais civis da Delegacia Especializada Antidrogas, obteve \u00eaxito em prender o menor infrator em flagrante e foram encontradas 57 pedras de crack e cinco por\u00e7\u00f5es de maconha, que seriam comercializadas.<\/span><\/p>\n<p><span style=\"font-weight: 400;\">Diante dos fatos, o menor foi preso em flagrante e conduzido para a Delegacia, junto com os materiais apreendidos, para devidas provid\u00eancias.<\/span><\/p>\n","protected":false},"excerpt":{"rendered":"<p>A Pol\u00edcia Civil de Minas Gerais (PCMG), desencadeou na quarta-feira (28), uma opera\u00e7\u00e3o que resultou na pris\u00e3o de um adolescente, no Bairro Nossa Senhora Aparecida (Regi\u00e3o Leste) em Juiz de Fora. A a\u00e7\u00e3o visa o combate ao tr\u00e1fico de drogas e resultou tamb\u00e9m na apreens\u00e3o de materiais relacionadas ao tr\u00e1fico. Ao realizar abordagem,\u00a0 a equipe [&hellip;]<\/p>\n","protected":false},"author":96,"featured_media":161272,"comment_status":"closed","ping_status":"closed","sticky":false,"template":"","format":"standard","meta":{"footnotes":""},"categories":[301,436,439],"tags":[],"class_list":["post-161271","post","type-post","status-publish","format-standard","has-post-thumbnail","hentry","category-artigos-policiais","category-destaque-da-semana","category-ultima-hora"],"_links":{"self":[{"href":"https:\/\/diarioregionaldigital.com.br\/index.php?rest_route=\/wp\/v2\/posts\/161271","targetHints":{"allow":["GET"]}}],"collection":[{"href":"https:\/\/diarioregionaldigital.com.br\/index.php?rest_route=\/wp\/v2\/posts"}],"about":[{"href":"https:\/\/diarioregionaldigital.com.br\/index.php?rest_route=\/wp\/v2\/types\/post"}],"author":[{"embeddable":true,"href":"https:\/\/diarioregionaldigital.com.br\/index.php?rest_route=\/wp\/v2\/users\/96"}],"replies":[{"embeddable":true,"href":"https:\/\/diarioregionaldigital.com.br\/index.php?rest_route=%2Fwp%2Fv2%2Fcomments&post=161271"}],"version-history":[{"count":0,"href":"https:\/\/diarioregionaldigital.com.br\/index.php?rest_route=\/wp\/v2\/posts\/161271\/revisions"}],"wp:featuredmedia":[{"embeddable":true,"href":"https:\/\/diarioregionaldigital.com.br\/index.php?rest_route=\/wp\/v2\/media\/161272"}],"wp:attachment":[{"href":"https:\/\/diarioregionaldigital.com.br\/index.php?rest_route=%2Fwp%2Fv2%2Fmedia&parent=161271"}],"wp:term":[{"taxonomy":"category","embeddable":true,"href":"https:\/\/diarioregionaldigital.com.br\/index.php?rest_route=%2Fwp%2Fv2%2Fcategories&post=161271"},{"taxonomy":"post_tag","embeddable":true,"href":"https:\/\/diarioregionaldigital.com.br\/index.php?rest_route=%2Fwp%2Fv2%2Ftags&post=161271"}],"curies":[{"name":"wp","href":"https:\/\/api.w.org\/{rel}","templated":true}]}}