{"id":161268,"date":"2020-05-28T17:29:15","date_gmt":"2020-05-28T20:29:15","guid":{"rendered":"https:\/\/diarioregionaldigital.com.br\/?p=161268"},"modified":"2020-05-28T17:29:15","modified_gmt":"2020-05-28T20:29:15","slug":"mulher-e-rendida-por-assaltante-armado","status":"publish","type":"post","link":"https:\/\/diarioregionaldigital.com.br\/?p=161268","title":{"rendered":"Mulher \u00e9 rendida por assaltante armado"},"content":{"rendered":"<p>Uma mulher de 42 anos transitava pela Rua Rua Evaristo Veiga no Bairro Benfica (Regi\u00e3o Noroeste), quando foi abordada por um ve\u00edculo ocupado por quatro indiv\u00edduos. Um deles saiu apontando uma arma em dire\u00e7\u00e3o da v\u00edtima, exigindo que ela entregasse o celular. Temendo o pior\u00a0 a v\u00edtima entregou o aparelho e os infratores fugiram do local.<\/p>\n","protected":false},"excerpt":{"rendered":"<p>Uma mulher de 42 anos transitava pela Rua Rua Evaristo Veiga no Bairro Benfica (Regi\u00e3o Noroeste), quando foi abordada por um ve\u00edculo ocupado por quatro indiv\u00edduos. Um deles saiu apontando uma arma em dire\u00e7\u00e3o da v\u00edtima, exigindo que ela entregasse o celular. Temendo o pior\u00a0 a v\u00edtima entregou o aparelho e os infratores fugiram do [&hellip;]<\/p>\n","protected":false},"author":96,"featured_media":161269,"comment_status":"closed","ping_status":"closed","sticky":false,"template":"","format":"standard","meta":{"footnotes":""},"categories":[301,436,439],"tags":[],"class_list":["post-161268","post","type-post","status-publish","format-standard","has-post-thumbnail","hentry","category-artigos-policiais","category-destaque-da-semana","category-ultima-hora"],"_links":{"self":[{"href":"https:\/\/diarioregionaldigital.com.br\/index.php?rest_route=\/wp\/v2\/posts\/161268","targetHints":{"allow":["GET"]}}],"collection":[{"href":"https:\/\/diarioregionaldigital.com.br\/index.php?rest_route=\/wp\/v2\/posts"}],"about":[{"href":"https:\/\/diarioregionaldigital.com.br\/index.php?rest_route=\/wp\/v2\/types\/post"}],"author":[{"embeddable":true,"href":"https:\/\/diarioregionaldigital.com.br\/index.php?rest_route=\/wp\/v2\/users\/96"}],"replies":[{"embeddable":true,"href":"https:\/\/diarioregionaldigital.com.br\/index.php?rest_route=%2Fwp%2Fv2%2Fcomments&post=161268"}],"version-history":[{"count":0,"href":"https:\/\/diarioregionaldigital.com.br\/index.php?rest_route=\/wp\/v2\/posts\/161268\/revisions"}],"wp:featuredmedia":[{"embeddable":true,"href":"https:\/\/diarioregionaldigital.com.br\/index.php?rest_route=\/wp\/v2\/media\/161269"}],"wp:attachment":[{"href":"https:\/\/diarioregionaldigital.com.br\/index.php?rest_route=%2Fwp%2Fv2%2Fmedia&parent=161268"}],"wp:term":[{"taxonomy":"category","embeddable":true,"href":"https:\/\/diarioregionaldigital.com.br\/index.php?rest_route=%2Fwp%2Fv2%2Fcategories&post=161268"},{"taxonomy":"post_tag","embeddable":true,"href":"https:\/\/diarioregionaldigital.com.br\/index.php?rest_route=%2Fwp%2Fv2%2Ftags&post=161268"}],"curies":[{"name":"wp","href":"https:\/\/api.w.org\/{rel}","templated":true}]}}