{"id":161265,"date":"2020-05-28T17:23:44","date_gmt":"2020-05-28T20:23:44","guid":{"rendered":"https:\/\/diarioregionaldigital.com.br\/?p=161265"},"modified":"2020-05-28T17:23:44","modified_gmt":"2020-05-28T20:23:44","slug":"pico-da-pandemia-de-covid-19-em-minas-e-adiado-para-julho","status":"publish","type":"post","link":"https:\/\/diarioregionaldigital.com.br\/?p=161265","title":{"rendered":"Pico da pandemia de covid-19 em Minas \u00e9 adiado para julho"},"content":{"rendered":"<p>Nesta quinta-feira (28), o secret\u00e1rio de Estado de Sa\u00fade\u00a0de Minas Gerais, Carlos Eduardo Amaral, e o secret\u00e1rio adjunto de\u00a0Desenvolvimento Econ\u00f4mico, Fernando Passalio, informaram que o pico da pandemia de covid-19 no estado foi adiado para 19 de julho. Em entrevista coletiva on-line, eles fizeram uma nova an\u00e1lise da situa\u00e7\u00e3o e responderam a perguntas feitas pela imprensa.<\/p>\n<p>\u201cCompletaremos um m\u00eas de\u00a0Minas Consciente\u00a0esta semana. Neste per\u00edodo, 87 munic\u00edpios aderiram ao programa, com cidades nas ondas verde, branca e amarela. \u00c9 importante destacar que n\u00e3o se trata de uma flexibiliza\u00e7\u00e3o, mas, sim, uma conviv\u00eancia harm\u00f4nica com o isolamento, que deve ser mantido e aliado \u00e0s demais medidas de preven\u00e7\u00e3o\u201d, avaliou Passalio.<\/p>\n<p>Carlos Eduardo Amaral destacou a evolu\u00e7\u00e3o das curvas epidemiol\u00f3gicas acompanhadas pela Secretaria de Estado de Sa\u00fade (SES-MG) desde o in\u00edcio da pandemia. \u201cEm um primeiro momento, a previs\u00e3o que t\u00ednhamos em rela\u00e7\u00e3o \u00e0 Minas Gerais era de um n\u00famero muito elevado de acometidos pela doen\u00e7a, seguindo uma tend\u00eancia nacional. Com o passar do tempo e com o isolamento social j\u00e1 em andamento, percebemos que esta quantidade foi diminuindo, demonstrando a efici\u00eancia do distanciamento\u201d, afirmou.<\/p>\n<p>A evolu\u00e7\u00e3o da pandemia em Minas possibilitou que as proje\u00e7\u00f5es passassem a ser feitas tendo como tend\u00eancia o pr\u00f3prio estado e n\u00e3o mais todo o territ\u00f3rio nacional, como explicou o secret\u00e1rio de Sa\u00fade. \u201cAtualmente, a previs\u00e3o \u00e9 que o pico ocorra dia 19 de julho. Esse constante adiamento da data de maior estresse assistencial est\u00e1 diretamente relacionado \u00e0 manuten\u00e7\u00e3o do isolamento social, do uso de m\u00e1scaras e de todas as demais orienta\u00e7\u00f5es\u201d, pontuou Amaral.<\/p>\n<p>Questionado sobre o poss\u00edvel endurecimento das recomenda\u00e7\u00f5es de preven\u00e7\u00e3o, o secret\u00e1rio explicou que a pasta busca a manuten\u00e7\u00e3o de um isolamento adequado, de modo que haja um n\u00famero controlado de casos da covid-19. \u201cCaso haja um aumento desenfreado de casos, a primeira coisa que iremos fazer \u00e9 retroceder com as ondas e voltar ao isolamento inicial que t\u00ednhamos\u201d, disse. \u201cNeste momento, a recomenda\u00e7\u00e3o \u00e9 que todos os munic\u00edpios tenham uma ader\u00eancia ao Minas Consciente para que tenhamos o melhor cen\u00e1rio poss\u00edvel\u201d, frisou.<\/p>\n<p><strong>Aumento de casos<\/strong><\/p>\n<p>O secret\u00e1rio ainda detalhou os padr\u00f5es que a pandemia pode adotar, sendo poss\u00edvel dobrar o n\u00famero de casos de um dia para o outro. No entanto, atualmente, para que isso ocorra em Minas t\u00eam sido necess\u00e1rios de 12 a 14 dias. \u201cQuanto mais r\u00e1pido houver a dobra de casos, mais estresse no sistema de sa\u00fade ocorrer\u00e1. Assim, de certa forma, estamos em um patamar mais equilibrado. Esse dado est\u00e1 diretamente ligado com a manuten\u00e7\u00e3o do distanciamento social e das recomenda\u00e7\u00f5es. Caso haja uma mudan\u00e7a na postura da popula\u00e7\u00e3o, a situa\u00e7\u00e3o pode mudar e retroceder\u201d, explicou.<\/p>\n<p>&nbsp;<\/p>\n<p><strong>Fonte:\u00a0<\/strong>Ag\u00eancia Minas<\/p>\n","protected":false},"excerpt":{"rendered":"<p>Nesta quinta-feira (28), o secret\u00e1rio de Estado de Sa\u00fade\u00a0de Minas Gerais, Carlos Eduardo Amaral, e o secret\u00e1rio adjunto de\u00a0Desenvolvimento Econ\u00f4mico, Fernando Passalio, informaram que o pico da pandemia de covid-19 no estado foi adiado para 19 de julho. Em entrevista coletiva on-line, eles fizeram uma nova an\u00e1lise da situa\u00e7\u00e3o e responderam a perguntas feitas pela [&hellip;]<\/p>\n","protected":false},"author":96,"featured_media":161266,"comment_status":"closed","ping_status":"closed","sticky":false,"template":"","format":"standard","meta":{"footnotes":""},"categories":[436,254,439],"tags":[],"class_list":["post-161265","post","type-post","status-publish","format-standard","has-post-thumbnail","hentry","category-destaque-da-semana","category-politica","category-ultima-hora"],"_links":{"self":[{"href":"https:\/\/diarioregionaldigital.com.br\/index.php?rest_route=\/wp\/v2\/posts\/161265","targetHints":{"allow":["GET"]}}],"collection":[{"href":"https:\/\/diarioregionaldigital.com.br\/index.php?rest_route=\/wp\/v2\/posts"}],"about":[{"href":"https:\/\/diarioregionaldigital.com.br\/index.php?rest_route=\/wp\/v2\/types\/post"}],"author":[{"embeddable":true,"href":"https:\/\/diarioregionaldigital.com.br\/index.php?rest_route=\/wp\/v2\/users\/96"}],"replies":[{"embeddable":true,"href":"https:\/\/diarioregionaldigital.com.br\/index.php?rest_route=%2Fwp%2Fv2%2Fcomments&post=161265"}],"version-history":[{"count":0,"href":"https:\/\/diarioregionaldigital.com.br\/index.php?rest_route=\/wp\/v2\/posts\/161265\/revisions"}],"wp:featuredmedia":[{"embeddable":true,"href":"https:\/\/diarioregionaldigital.com.br\/index.php?rest_route=\/wp\/v2\/media\/161266"}],"wp:attachment":[{"href":"https:\/\/diarioregionaldigital.com.br\/index.php?rest_route=%2Fwp%2Fv2%2Fmedia&parent=161265"}],"wp:term":[{"taxonomy":"category","embeddable":true,"href":"https:\/\/diarioregionaldigital.com.br\/index.php?rest_route=%2Fwp%2Fv2%2Fcategories&post=161265"},{"taxonomy":"post_tag","embeddable":true,"href":"https:\/\/diarioregionaldigital.com.br\/index.php?rest_route=%2Fwp%2Fv2%2Ftags&post=161265"}],"curies":[{"name":"wp","href":"https:\/\/api.w.org\/{rel}","templated":true}]}}