{"id":161259,"date":"2020-05-28T17:08:17","date_gmt":"2020-05-28T20:08:17","guid":{"rendered":"https:\/\/diarioregionaldigital.com.br\/?p=161259"},"modified":"2020-05-28T17:08:17","modified_gmt":"2020-05-28T20:08:17","slug":"estudo-mostra-que-crescimento-dos-casos-de-covid-19-da-macrorregiao-supera-a-de-minas-gerais","status":"publish","type":"post","link":"https:\/\/diarioregionaldigital.com.br\/?p=161259","title":{"rendered":"Estudo mostra que crescimento dos casos de Covid-19 da macrorregi\u00e3o supera a de Minas Gerais"},"content":{"rendered":"<p><span style=\"font-weight: 400;\">Um estudo feito por grupo de pesquisadores da Universidade Federal de Juiz de Fora (UFJF), aponta que o n\u00famero de casos confirmados de Coronav\u00edrus na macrorregi\u00e3o sudeste, \u00e9 superior em compara\u00e7\u00e3o com os dados de todo o territ\u00f3rio de Minas Gerais. <\/span><span style=\"font-weight: 400;\">Para isso, foram utilizados dados disponibilizados publicamente em plataforma desenvolvida pelo pesquisador Wesley Cota, da Universidade Federal de Vi\u00e7osa (UFV).\u00a0<\/span><\/p>\n<p><span style=\"font-weight: 400;\">De acordo com a nota divulgada pelos pesquisadores, os casos di\u00e1rios de Covid-19 confirmados continuam a aumentar nos munic\u00edpios polo e nas microrregi\u00f5es de sa\u00fade da macro Sudeste. Os destaques em n\u00famero de casos s\u00e3o o munic\u00edpio e a microrregi\u00e3o de Juiz de Fora, concentrando a maioria de casos da regi\u00e3o. J\u00e1 os \u00f3bitos por Covid-19 chegaram a todas as microrregi\u00f5es de sa\u00fade, exceto Carangola e Lima Duarte, mas se concentram em poucos munic\u00edpios.\u00a0<\/span><\/p>\n<p><b>Crescimento de casos confirmados<\/b><\/p>\n<p><span style=\"font-weight: 400;\">Conforme citado anteriormente, a pesquisa aponta cont\u00ednuo crescimento de casos confirmados da doen\u00e7a pela regi\u00e3o e que o total supera as taxas de Minas Gerais e do Brasil. A pesquisadora Isabel Cristina Gon\u00e7alves Leite, diz que o aumento dos casos se deve pelo avan\u00e7o da doen\u00e7a na regi\u00e3o e que o v\u00edrus est\u00e1 atingindo cidades que ainda n\u00e3o adotaram o isolamento social:<\/span><\/p>\n<p><span style=\"font-weight: 400;\">\u201cA taxa de crescimento em nossa regi\u00e3o est\u00e1 maior que no Brasil porque a doen\u00e7a ainda est\u00e1 chegando nessas comunidades. O que t\u00ednhamos ontem, comparado com o que temos hoje \u00e9 menor. Ent\u00e3o essa taxa de crescimento aqui observada reflete isso: a chegada da doen\u00e7a no interior e a necessidade das pol\u00edticas p\u00fablicas serem adotadas em sentido de conter esse avan\u00e7o.\u201d<\/span><\/p>\n<p><span style=\"font-weight: 400;\">Isabel reitera tamb\u00e9m diz que a velocidade de propaga\u00e7\u00e3o do v\u00edrus ser\u00e1 muito alta nessas comunidades, se n\u00e3o houver nenhuma proposta para medidas de conten\u00e7\u00e3o:<\/span><\/p>\n<p><span style=\"font-weight: 400;\">\u201cSe o v\u00edrus chega a partir de um infectado em uma regi\u00e3o onde todas as pessoas s\u00e3o suscept\u00edveis e nenhuma medida de conten\u00e7\u00e3o estava sendo proposta naquele momento, a velocidade de propaga\u00e7\u00e3o e esse n\u00famero reprodutivo \u2018R\u2019 \u00e9 muito alto. Por isso \u00e9 importante haver medidas, tais como o isolamento social e quarentena. S\u00e3o medidas que tendem a for\u00e7ar a redu\u00e7\u00e3o desse n\u00famero reprodutivo R, ou seja, a quantidade de casos que s\u00e3o causados por um \u00fanico sujeito infectado.\u201d\u00a0<\/span><\/p>\n<p><b>Propaga\u00e7\u00e3o do v\u00edrus na regi\u00e3o<\/b><\/p>\n<p><span style=\"font-weight: 400;\">Segundo a nota, as taxas de incid\u00eancia do Coronav\u00edrus acumuladas dos munic\u00edpios polo e das microrregi\u00f5es analisadas, em sua maioria, s\u00e3o superiores \u00e0 taxa m\u00e9dia de Minas Gerais, embora inferiores \u00e0 taxa m\u00e9dia do Brasil. Segundo Isabel, esse levantamento permite fazer compara\u00e7\u00e3o com outros pa\u00edses e avaliar as taxas de incid\u00eancia na regi\u00e3o:<\/span><\/p>\n<p><span style=\"font-weight: 400;\">\u201cA taxa de incid\u00eancia permite comparar pa\u00edses, lugares e pode nos mostrar onde a doen\u00e7a est\u00e1 crescendo em maior velocidade. Ent\u00e3o, em conjunto com a taxa de crescimento, observamos a forma\u00e7\u00e3o da curva epid\u00eamica, at\u00e9 um momento de pico, entrando em sua fase de decl\u00ednio e isso \u00e9 influenciado pela quantidade de casos novos\u201d, conclui.<\/span><\/p>\n","protected":false},"excerpt":{"rendered":"<p>Um estudo feito por grupo de pesquisadores da Universidade Federal de Juiz de Fora (UFJF), aponta que o n\u00famero de casos confirmados de Coronav\u00edrus na macrorregi\u00e3o sudeste, \u00e9 superior em compara\u00e7\u00e3o com os dados de todo o territ\u00f3rio de Minas Gerais. Para isso, foram utilizados dados disponibilizados publicamente em plataforma desenvolvida pelo pesquisador Wesley Cota, [&hellip;]<\/p>\n","protected":false},"author":96,"featured_media":161260,"comment_status":"closed","ping_status":"closed","sticky":false,"template":"","format":"standard","meta":{"footnotes":""},"categories":[253,436,440,439],"tags":[],"class_list":["post-161259","post","type-post","status-publish","format-standard","has-post-thumbnail","hentry","category-cidade","category-destaque-da-semana","category-destaques-do-dia","category-ultima-hora"],"_links":{"self":[{"href":"https:\/\/diarioregionaldigital.com.br\/index.php?rest_route=\/wp\/v2\/posts\/161259","targetHints":{"allow":["GET"]}}],"collection":[{"href":"https:\/\/diarioregionaldigital.com.br\/index.php?rest_route=\/wp\/v2\/posts"}],"about":[{"href":"https:\/\/diarioregionaldigital.com.br\/index.php?rest_route=\/wp\/v2\/types\/post"}],"author":[{"embeddable":true,"href":"https:\/\/diarioregionaldigital.com.br\/index.php?rest_route=\/wp\/v2\/users\/96"}],"replies":[{"embeddable":true,"href":"https:\/\/diarioregionaldigital.com.br\/index.php?rest_route=%2Fwp%2Fv2%2Fcomments&post=161259"}],"version-history":[{"count":0,"href":"https:\/\/diarioregionaldigital.com.br\/index.php?rest_route=\/wp\/v2\/posts\/161259\/revisions"}],"wp:featuredmedia":[{"embeddable":true,"href":"https:\/\/diarioregionaldigital.com.br\/index.php?rest_route=\/wp\/v2\/media\/161260"}],"wp:attachment":[{"href":"https:\/\/diarioregionaldigital.com.br\/index.php?rest_route=%2Fwp%2Fv2%2Fmedia&parent=161259"}],"wp:term":[{"taxonomy":"category","embeddable":true,"href":"https:\/\/diarioregionaldigital.com.br\/index.php?rest_route=%2Fwp%2Fv2%2Fcategories&post=161259"},{"taxonomy":"post_tag","embeddable":true,"href":"https:\/\/diarioregionaldigital.com.br\/index.php?rest_route=%2Fwp%2Fv2%2Ftags&post=161259"}],"curies":[{"name":"wp","href":"https:\/\/api.w.org\/{rel}","templated":true}]}}