{"id":161256,"date":"2020-05-28T15:38:12","date_gmt":"2020-05-28T18:38:12","guid":{"rendered":"https:\/\/diarioregionaldigital.com.br\/?p=161256"},"modified":"2020-05-28T15:38:12","modified_gmt":"2020-05-28T18:38:12","slug":"servidores-da-pjf-junto-com-corpo-de-bombeiros-e-prm-realizam-blitz-de-combate-ao-coronavirus","status":"publish","type":"post","link":"https:\/\/diarioregionaldigital.com.br\/?p=161256","title":{"rendered":"Servidores da PJF junto com Corpo de Bombeiros e PRM, realizam Blitz de combate ao Coronav\u00edrus"},"content":{"rendered":"<p><span style=\"font-weight: 400;\">Em parceria de \u00f3rg\u00e3os da Prefeitura de Juiz de Fora (PJF), junto com o Corpo de Bombeiros e Pol\u00edcia Militar Rodovi\u00e1ria (PMR), foi realizada na manh\u00e3 dessa quinta-feira (28), uma blitz de combate ao Coronav\u00edrus. Estiveram presentes os fiscais de posturas, guardas municipais, agentes de transporte e tr\u00e2nsito e de endemias, servidores da Ag\u00eancia de Prote\u00e7\u00e3o e Defesa do Consumidor (Procon), do Demlurb e integrantes do Corpo de Bombeiros e da Pol\u00edcia Militar.<\/span><\/p>\n<p><span style=\"font-weight: 400;\">Todos os ve\u00edculos que vinham em dire\u00e7\u00e3o a Juiz de Fora foram parados no posto da PMR, no Bairro Grama, e receberam descontamina\u00e7\u00e3o de pneus e caixas de rodas, com aplica\u00e7\u00e3o de solu\u00e7\u00e3o de hipoclorito de s\u00f3dio e \u00e1gua, cujo trabalho foi feito pelos funcion\u00e1rios do Departamento Municipal de Limpeza Urbana (Demlurb).<\/span><\/p>\n<p><span style=\"font-weight: 400;\">Segundo a PJF, cerca de 200 motoristas que estiveram na blitz, receberam orienta\u00e7\u00f5es sobre a import\u00e2ncia da preven\u00e7\u00e3o e combate \u00e0 epidemia do Coronav\u00edrus. Na intera\u00e7\u00e3o, as equipes refor\u00e7am a necessidade da manuten\u00e7\u00e3o do distanciamento social e do cumprimento do uso de m\u00e1scaras.<\/span><\/p>\n<p><span style=\"font-weight: 400;\">O trabalho executado faz parte da programa\u00e7\u00e3o de comboio de combate ao Coronav\u00edrus, criado em prol das medidas estabelecidas no programa Minas Consciente.<\/span><\/p>\n","protected":false},"excerpt":{"rendered":"<p>Em parceria de \u00f3rg\u00e3os da Prefeitura de Juiz de Fora (PJF), junto com o Corpo de Bombeiros e Pol\u00edcia Militar Rodovi\u00e1ria (PMR), foi realizada na manh\u00e3 dessa quinta-feira (28), uma blitz de combate ao Coronav\u00edrus. Estiveram presentes os fiscais de posturas, guardas municipais, agentes de transporte e tr\u00e2nsito e de endemias, servidores da Ag\u00eancia de [&hellip;]<\/p>\n","protected":false},"author":96,"featured_media":161257,"comment_status":"closed","ping_status":"closed","sticky":false,"template":"","format":"standard","meta":{"footnotes":""},"categories":[253,436,439],"tags":[],"class_list":["post-161256","post","type-post","status-publish","format-standard","has-post-thumbnail","hentry","category-cidade","category-destaque-da-semana","category-ultima-hora"],"_links":{"self":[{"href":"https:\/\/diarioregionaldigital.com.br\/index.php?rest_route=\/wp\/v2\/posts\/161256","targetHints":{"allow":["GET"]}}],"collection":[{"href":"https:\/\/diarioregionaldigital.com.br\/index.php?rest_route=\/wp\/v2\/posts"}],"about":[{"href":"https:\/\/diarioregionaldigital.com.br\/index.php?rest_route=\/wp\/v2\/types\/post"}],"author":[{"embeddable":true,"href":"https:\/\/diarioregionaldigital.com.br\/index.php?rest_route=\/wp\/v2\/users\/96"}],"replies":[{"embeddable":true,"href":"https:\/\/diarioregionaldigital.com.br\/index.php?rest_route=%2Fwp%2Fv2%2Fcomments&post=161256"}],"version-history":[{"count":0,"href":"https:\/\/diarioregionaldigital.com.br\/index.php?rest_route=\/wp\/v2\/posts\/161256\/revisions"}],"wp:featuredmedia":[{"embeddable":true,"href":"https:\/\/diarioregionaldigital.com.br\/index.php?rest_route=\/wp\/v2\/media\/161257"}],"wp:attachment":[{"href":"https:\/\/diarioregionaldigital.com.br\/index.php?rest_route=%2Fwp%2Fv2%2Fmedia&parent=161256"}],"wp:term":[{"taxonomy":"category","embeddable":true,"href":"https:\/\/diarioregionaldigital.com.br\/index.php?rest_route=%2Fwp%2Fv2%2Fcategories&post=161256"},{"taxonomy":"post_tag","embeddable":true,"href":"https:\/\/diarioregionaldigital.com.br\/index.php?rest_route=%2Fwp%2Fv2%2Ftags&post=161256"}],"curies":[{"name":"wp","href":"https:\/\/api.w.org\/{rel}","templated":true}]}}