{"id":161253,"date":"2020-05-28T15:21:42","date_gmt":"2020-05-28T18:21:42","guid":{"rendered":"https:\/\/diarioregionaldigital.com.br\/?p=161253"},"modified":"2020-05-28T15:21:42","modified_gmt":"2020-05-28T18:21:42","slug":"ministerio-publico-do-rio-de-janeiro-faz-recomendacao-para-suspender-campeonato-carioca","status":"publish","type":"post","link":"https:\/\/diarioregionaldigital.com.br\/?p=161253","title":{"rendered":"Minist\u00e9rio P\u00fablico do Rio de Janeiro faz recomenda\u00e7\u00e3o para suspender Campeonato Carioca"},"content":{"rendered":"<p><span style=\"font-weight: 400;\">O Minist\u00e9rio P\u00fablico do Rio de Janeiro (PMRJ), divulgou um comunicado oficial nessa quinta-feira (28), recomendando a<\/span><span style=\"font-weight: 400;\">o prefeito do Rio de Janeiro, Marcelo Crivella, e a Federa\u00e7\u00e3o de Futebol do Estado do Rio de Janeiro (Ferj), a suspens\u00e3o do Campeonato Carioca 2020. Segundo o \u00f3rg\u00e3o, o retorno aos gramados s\u00f3 ser\u00e1 viabilizado caso a situa\u00e7\u00e3o da epidemia do Coronav\u00edrus pela capital esteja em total seguran\u00e7a.<\/span><\/p>\n<p><span style=\"font-weight: 400;\">O \u00f3rg\u00e3o diz que mesmo que os jogos sejam realizados com port\u00f5es fechados, pode incentivar a aglomera\u00e7\u00e3o de pessoas no entorno dos est\u00e1dios e consequentemente quebrando as normas do isolamento social.<\/span><\/p>\n<p><span style=\"font-weight: 400;\">O comunicado oficial divulgado pelo MPRJ, esclarece tamb\u00e9m que o retorno do futebol s\u00f3 ser\u00e1 poss\u00edvel caso a flexibiliza\u00e7\u00e3o seja feita de forma segura, seguindo as normas de isolamento e distanciamento social, com a retomada das atividades n\u00e3o essenciais na capital fluminense, por meio de ato normativo do Poder Executivo. Al\u00e9m disso, a recomenda\u00e7\u00e3o feita pelo \u00f3rg\u00e3o destaca que est\u00e3o em vigor normativas estaduais e municipais que recomendam medidas de isolamento social, dentre elas a suspens\u00e3o de eventos esportivos.\u00a0<\/span><\/p>\n<p><b>Reuni\u00e3o<\/b><\/p>\n<p><span style=\"font-weight: 400;\">Na segunda-feira (25) a Ferj se reuniu com os clubes participantes do Campeonato Carioca, para discutir a possibilidade de dar continuidade ao torneio no m\u00eas de junho. Apenas Botafogo e Fluminense n\u00e3o votaram na reuni\u00e3o, uma vez que os dois clubes s\u00e3o contra a volta do campeonato.<\/span><\/p>\n","protected":false},"excerpt":{"rendered":"<p>O Minist\u00e9rio P\u00fablico do Rio de Janeiro (PMRJ), divulgou um comunicado oficial nessa quinta-feira (28), recomendando ao prefeito do Rio de Janeiro, Marcelo Crivella, e a Federa\u00e7\u00e3o de Futebol do Estado do Rio de Janeiro (Ferj), a suspens\u00e3o do Campeonato Carioca 2020. Segundo o \u00f3rg\u00e3o, o retorno aos gramados s\u00f3 ser\u00e1 viabilizado caso a situa\u00e7\u00e3o [&hellip;]<\/p>\n","protected":false},"author":96,"featured_media":161254,"comment_status":"closed","ping_status":"closed","sticky":false,"template":"","format":"standard","meta":{"footnotes":""},"categories":[436,257,439],"tags":[],"class_list":["post-161253","post","type-post","status-publish","format-standard","has-post-thumbnail","hentry","category-destaque-da-semana","category-esporte","category-ultima-hora"],"_links":{"self":[{"href":"https:\/\/diarioregionaldigital.com.br\/index.php?rest_route=\/wp\/v2\/posts\/161253","targetHints":{"allow":["GET"]}}],"collection":[{"href":"https:\/\/diarioregionaldigital.com.br\/index.php?rest_route=\/wp\/v2\/posts"}],"about":[{"href":"https:\/\/diarioregionaldigital.com.br\/index.php?rest_route=\/wp\/v2\/types\/post"}],"author":[{"embeddable":true,"href":"https:\/\/diarioregionaldigital.com.br\/index.php?rest_route=\/wp\/v2\/users\/96"}],"replies":[{"embeddable":true,"href":"https:\/\/diarioregionaldigital.com.br\/index.php?rest_route=%2Fwp%2Fv2%2Fcomments&post=161253"}],"version-history":[{"count":0,"href":"https:\/\/diarioregionaldigital.com.br\/index.php?rest_route=\/wp\/v2\/posts\/161253\/revisions"}],"wp:featuredmedia":[{"embeddable":true,"href":"https:\/\/diarioregionaldigital.com.br\/index.php?rest_route=\/wp\/v2\/media\/161254"}],"wp:attachment":[{"href":"https:\/\/diarioregionaldigital.com.br\/index.php?rest_route=%2Fwp%2Fv2%2Fmedia&parent=161253"}],"wp:term":[{"taxonomy":"category","embeddable":true,"href":"https:\/\/diarioregionaldigital.com.br\/index.php?rest_route=%2Fwp%2Fv2%2Fcategories&post=161253"},{"taxonomy":"post_tag","embeddable":true,"href":"https:\/\/diarioregionaldigital.com.br\/index.php?rest_route=%2Fwp%2Fv2%2Ftags&post=161253"}],"curies":[{"name":"wp","href":"https:\/\/api.w.org\/{rel}","templated":true}]}}