{"id":161247,"date":"2020-05-28T14:24:04","date_gmt":"2020-05-28T17:24:04","guid":{"rendered":"https:\/\/diarioregionaldigital.com.br\/?p=161247"},"modified":"2020-05-28T14:24:04","modified_gmt":"2020-05-28T17:24:04","slug":"conmebol-planeja-volta-da-libertadores-e-sul-americana-para-setembro","status":"publish","type":"post","link":"https:\/\/diarioregionaldigital.com.br\/?p=161247","title":{"rendered":"Conmebol planeja volta da Libertadores e Sul-Americana para setembro"},"content":{"rendered":"<p>A Confedera\u00e7\u00e3o Sul-Americana de Futebol (Conmebol), falou em uma entrevista para um canal televisivo da Argentina que planeja retomar as disputas da Ta\u00e7a Libertadores e Copa Sul-Americana para o m\u00eas de setembro. A ideia foi confirmada pelo secret\u00e1rio-geral adjunto de Futebol e diretor de Desenvolvimento da entidade, Gonzalo Belloso:<\/p>\n<p>\u201cEstamos organizando reuni\u00f5es com todos os governos. O futebol \u00e9 uma ind\u00fastria de tantas que est\u00e3o sofrendo com a pandemia. O problema mais dif\u00edcil que enfrentamos \u00e9 a da migra\u00e7\u00e3o das equipes e os aeroportos. Queremos voltar em setembro a jogar as Copas. De pouco a pouco, vamos tratando de cumprir nosso papel e estamos escutando aos especialistas\u201d<\/p>\n<p>No decorrer da entrevista, Belloso declarou que o presidente Alejandro Dom\u00ednguez afirma que as duas competi\u00e7\u00f5es ser\u00e3o decididas no campo e que os formatos ser\u00e3o mantidos. Al\u00e9m disso, se houver possibilidade das competi\u00e7\u00f5es serem encerradas em 2021, Belloso diz que n\u00e3o ser\u00e1 um problema para a entidade:<\/p>\n<p>\u201cSe tiver que terminar ano que vem, que termine ano que vem. N\u00e3o h\u00e1 nenhum problema terminar em janeiro. Tamb\u00e9m temos que levar em considera\u00e7\u00e3o todos os calend\u00e1rios locais para que possam jogar os torneios locais em seus pa\u00edses. Trabalhamos paralelamente com os pa\u00edses para ver o que eles planejam.\u201d<\/p>\n<p>Em decorr\u00eancia da epidemia do Coronav\u00edrus, todas as competi\u00e7\u00f5es organizadas pela Conmebol foram adiadas. A entidade avalia a situa\u00e7\u00e3o de cada pa\u00eds da Am\u00e9rica do Sul.<\/p>\n<p>&nbsp;<\/p>\n","protected":false},"excerpt":{"rendered":"<p>A Confedera\u00e7\u00e3o Sul-Americana de Futebol (Conmebol), falou em uma entrevista para um canal televisivo da Argentina que planeja retomar as disputas da Ta\u00e7a Libertadores e Copa Sul-Americana para o m\u00eas de setembro. A ideia foi confirmada pelo secret\u00e1rio-geral adjunto de Futebol e diretor de Desenvolvimento da entidade, Gonzalo Belloso: \u201cEstamos organizando reuni\u00f5es com todos os [&hellip;]<\/p>\n","protected":false},"author":96,"featured_media":161248,"comment_status":"closed","ping_status":"closed","sticky":false,"template":"","format":"standard","meta":{"footnotes":""},"categories":[436,257,439],"tags":[],"class_list":["post-161247","post","type-post","status-publish","format-standard","has-post-thumbnail","hentry","category-destaque-da-semana","category-esporte","category-ultima-hora"],"_links":{"self":[{"href":"https:\/\/diarioregionaldigital.com.br\/index.php?rest_route=\/wp\/v2\/posts\/161247","targetHints":{"allow":["GET"]}}],"collection":[{"href":"https:\/\/diarioregionaldigital.com.br\/index.php?rest_route=\/wp\/v2\/posts"}],"about":[{"href":"https:\/\/diarioregionaldigital.com.br\/index.php?rest_route=\/wp\/v2\/types\/post"}],"author":[{"embeddable":true,"href":"https:\/\/diarioregionaldigital.com.br\/index.php?rest_route=\/wp\/v2\/users\/96"}],"replies":[{"embeddable":true,"href":"https:\/\/diarioregionaldigital.com.br\/index.php?rest_route=%2Fwp%2Fv2%2Fcomments&post=161247"}],"version-history":[{"count":0,"href":"https:\/\/diarioregionaldigital.com.br\/index.php?rest_route=\/wp\/v2\/posts\/161247\/revisions"}],"wp:featuredmedia":[{"embeddable":true,"href":"https:\/\/diarioregionaldigital.com.br\/index.php?rest_route=\/wp\/v2\/media\/161248"}],"wp:attachment":[{"href":"https:\/\/diarioregionaldigital.com.br\/index.php?rest_route=%2Fwp%2Fv2%2Fmedia&parent=161247"}],"wp:term":[{"taxonomy":"category","embeddable":true,"href":"https:\/\/diarioregionaldigital.com.br\/index.php?rest_route=%2Fwp%2Fv2%2Fcategories&post=161247"},{"taxonomy":"post_tag","embeddable":true,"href":"https:\/\/diarioregionaldigital.com.br\/index.php?rest_route=%2Fwp%2Fv2%2Ftags&post=161247"}],"curies":[{"name":"wp","href":"https:\/\/api.w.org\/{rel}","templated":true}]}}