{"id":161244,"date":"2020-05-28T14:22:35","date_gmt":"2020-05-28T17:22:35","guid":{"rendered":"https:\/\/diarioregionaldigital.com.br\/?p=161244"},"modified":"2020-05-28T14:22:35","modified_gmt":"2020-05-28T17:22:35","slug":"organizadores-cancelam-gp-da-holanda-de-f1","status":"publish","type":"post","link":"https:\/\/diarioregionaldigital.com.br\/?p=161244","title":{"rendered":"Organizadores cancelam GP da Holanda de F1"},"content":{"rendered":"<p><span style=\"font-weight: 400;\">Fora do calend\u00e1rio da F1 desde 1985, o Circuito de Zandvoort na Holanda, ter\u00e1 que adiar o retorno para a pr\u00f3xima temporada. Nessa quinta-feira (28), os organizadores anunciaram o cancelamento do Grande Pr\u00eamio, em decorr\u00eancia da epidemia do Coronav\u00edrus. A prova seria realizada com port\u00f5es fechados, no entanto os organizadores voltaram atr\u00e1s.<\/span><\/p>\n<p><span style=\"font-weight: 400;\">Segundo o promotor Jan Lammers, a aus\u00eancia do p\u00fablico foi um dos fatores que fizeram a organiza\u00e7\u00e3o em tomar a decis\u00e3o de cancelar o Grande Pr\u00eamio. Segundo a autoridade, o retorno da F1 em solo holand\u00eas deve ser comemorado com os f\u00e3s apaixonados por automobilismo:<\/span><\/p>\n<p><span style=\"font-weight: 400;\">\u201c<\/span><span style=\"font-weight: 400;\">Est\u00e1vamos prontos para esta primeira corrida e ainda estamos. Uma conquista alcan\u00e7ada gra\u00e7as a todos os f\u00e3s, empresas e governo. N\u00f3s e a F\u00f3rmula 1 vimos que conseguir\u00edamos organizar o GP, mas gostar\u00edamos de comemorar este momento, o retorno da F\u00f3rmula 1 em Zandvoort, junto com nossos f\u00e3s. Eu tive que esperar por 35 anos, por isso posso esperar mais um ano.\u201d\u00a0<\/span><\/p>\n<p><span style=\"font-weight: 400;\">Atrav\u00e9s do site oficial da F1, os organizadores deixam claro que o p\u00fablico que comprou os ingressos, poder\u00e3o utilizar-los para 2021 ou podem pedir reembolso do valor.\u00a0<\/span><\/p>\n<p><span style=\"font-weight: 400;\">Devido \u00e0 epidemia do Coronav\u00edrus, a F1 tem at\u00e9 ent\u00e3o 10 provas afetadas pela situa\u00e7\u00e3o que o mundo atravessa. Agora, j\u00e1 s\u00e3o quatro provas canceladas: M\u00f4naco, Fran\u00e7a e Austr\u00e1lia j\u00e1 tinham anunciado a n\u00e3o realiza\u00e7\u00e3o do evento. Ainda n\u00e3o h\u00e1 confirma\u00e7\u00e3o oficial, mas a temporada dever\u00e1 ter in\u00edcio no dia 5 de julho, na \u00c1ustria, mas sem a presen\u00e7a do p\u00fablico. Al\u00e9m disso, h\u00e1 outras seis provas adiadas mas com situa\u00e7\u00e3o indefinida: Barein, Vietn\u00e3, China, Espanha, Azerbaij\u00e3o e Canad\u00e1 (este correndo riscos de ser cancelado por causa do transporte de equipamentos).<\/span><\/p>\n","protected":false},"excerpt":{"rendered":"<p>Fora do calend\u00e1rio da F1 desde 1985, o Circuito de Zandvoort na Holanda, ter\u00e1 que adiar o retorno para a pr\u00f3xima temporada. Nessa quinta-feira (28), os organizadores anunciaram o cancelamento do Grande Pr\u00eamio, em decorr\u00eancia da epidemia do Coronav\u00edrus. A prova seria realizada com port\u00f5es fechados, no entanto os organizadores voltaram atr\u00e1s. Segundo o promotor [&hellip;]<\/p>\n","protected":false},"author":96,"featured_media":161245,"comment_status":"closed","ping_status":"closed","sticky":false,"template":"","format":"standard","meta":{"footnotes":""},"categories":[436,257,439],"tags":[],"class_list":["post-161244","post","type-post","status-publish","format-standard","has-post-thumbnail","hentry","category-destaque-da-semana","category-esporte","category-ultima-hora"],"_links":{"self":[{"href":"https:\/\/diarioregionaldigital.com.br\/index.php?rest_route=\/wp\/v2\/posts\/161244","targetHints":{"allow":["GET"]}}],"collection":[{"href":"https:\/\/diarioregionaldigital.com.br\/index.php?rest_route=\/wp\/v2\/posts"}],"about":[{"href":"https:\/\/diarioregionaldigital.com.br\/index.php?rest_route=\/wp\/v2\/types\/post"}],"author":[{"embeddable":true,"href":"https:\/\/diarioregionaldigital.com.br\/index.php?rest_route=\/wp\/v2\/users\/96"}],"replies":[{"embeddable":true,"href":"https:\/\/diarioregionaldigital.com.br\/index.php?rest_route=%2Fwp%2Fv2%2Fcomments&post=161244"}],"version-history":[{"count":0,"href":"https:\/\/diarioregionaldigital.com.br\/index.php?rest_route=\/wp\/v2\/posts\/161244\/revisions"}],"wp:featuredmedia":[{"embeddable":true,"href":"https:\/\/diarioregionaldigital.com.br\/index.php?rest_route=\/wp\/v2\/media\/161245"}],"wp:attachment":[{"href":"https:\/\/diarioregionaldigital.com.br\/index.php?rest_route=%2Fwp%2Fv2%2Fmedia&parent=161244"}],"wp:term":[{"taxonomy":"category","embeddable":true,"href":"https:\/\/diarioregionaldigital.com.br\/index.php?rest_route=%2Fwp%2Fv2%2Fcategories&post=161244"},{"taxonomy":"post_tag","embeddable":true,"href":"https:\/\/diarioregionaldigital.com.br\/index.php?rest_route=%2Fwp%2Fv2%2Ftags&post=161244"}],"curies":[{"name":"wp","href":"https:\/\/api.w.org\/{rel}","templated":true}]}}