{"id":161241,"date":"2020-05-28T13:55:21","date_gmt":"2020-05-28T16:55:21","guid":{"rendered":"https:\/\/diarioregionaldigital.com.br\/?p=161241"},"modified":"2020-05-28T13:55:21","modified_gmt":"2020-05-28T16:55:21","slug":"coronavirus-estado-tem-mais-de-600-novos-casos-em-24h","status":"publish","type":"post","link":"https:\/\/diarioregionaldigital.com.br\/?p=161241","title":{"rendered":"Coronav\u00edrus: estado tem mais de 600 novos casos em 24h"},"content":{"rendered":"<p>O <a href=\"https:\/\/www.saude.mg.gov.br\/images\/noticias_e_eventos\/000_2020\/Boletins_Corona\/28-05-Atualizada_Boletim%20Epidemiologico_COVID-19_28.05.2020.pdf\">boletim epidemiol\u00f3gico<\/a> divulgado nesta quinta-feira (27) pela Secretaria de Estado da Sa\u00fade de Minas Gerais (SES-MG), confirma que o estado teve aumento de 675 novos casos confirmados de Coronav\u00edrus, totalizando 8.686 pacientes diagnosticados. Segundo o levantamento, houve aumento de mais 15 \u00f3bitos pelo estado:\u00a0 Belo Horizonte (homem de 38, idoso de 63 e idosa de 72 anos), Mariana (idoso de 62 anos), Rio Manso (idoso de 95 anos), Brumadinho (homem de 59 anos), Contagem (jovem de 25 anos), Manhua\u00e7u (idosa de 83 anos), Planura (idosa de 62 anos), Uberl\u00e2ndia (homem de 36 anos) e mais quatro pacientes nascidos em outros estados brasileiros, com idade entre 55 e 86 anos, totalizando 255 mortes at\u00e9 ent\u00e3o. Conforme o levantamento, 4003 pacientes est\u00e3o recuperados da doen\u00e7a, representando 46,08% dos casos.<\/p>\n<p>Conforme os dados, 4225 pacientes confirmados com a doen\u00e7a est\u00e3o fazendo isolamento social e 1507 est\u00e3o internados. Al\u00e9m disso, foram feitos 20.985 testes laboratoriais, sendo que 1.535 deram resultado positivo, 18.726 deram negativo para Coronav\u00edrus e 530 est\u00e3o sob an\u00e1lise.<\/p>\n<p>Os\u00a0dados atualizados\u00a0referentes a \u00f3bitos confirmados em Minas Gerais podem ser conferidos no anexo abaixo.<\/p>\n<p><a href=\"https:\/\/diarioregionaldigital.com.br\/wp-content\/uploads\/2020\/05\/28-05-OBITOS_CONF_COVID-19_MG_28.05.2020.xls\">28-05-OBITOS_CONF_COVID-19_MG_28.05.2020<\/a><\/p>\n","protected":false},"excerpt":{"rendered":"<p>O boletim epidemiol\u00f3gico divulgado nesta quinta-feira (27) pela Secretaria de Estado da Sa\u00fade de Minas Gerais (SES-MG), confirma que o estado teve aumento de 675 novos casos confirmados de Coronav\u00edrus, totalizando 8.686 pacientes diagnosticados. Segundo o levantamento, houve aumento de mais 15 \u00f3bitos pelo estado:\u00a0 Belo Horizonte (homem de 38, idoso de 63 e idosa [&hellip;]<\/p>\n","protected":false},"author":96,"featured_media":157303,"comment_status":"closed","ping_status":"closed","sticky":false,"template":"","format":"standard","meta":{"footnotes":""},"categories":[436,440,252,439],"tags":[],"class_list":["post-161241","post","type-post","status-publish","format-standard","has-post-thumbnail","hentry","category-destaque-da-semana","category-destaques-do-dia","category-regiao","category-ultima-hora"],"_links":{"self":[{"href":"https:\/\/diarioregionaldigital.com.br\/index.php?rest_route=\/wp\/v2\/posts\/161241","targetHints":{"allow":["GET"]}}],"collection":[{"href":"https:\/\/diarioregionaldigital.com.br\/index.php?rest_route=\/wp\/v2\/posts"}],"about":[{"href":"https:\/\/diarioregionaldigital.com.br\/index.php?rest_route=\/wp\/v2\/types\/post"}],"author":[{"embeddable":true,"href":"https:\/\/diarioregionaldigital.com.br\/index.php?rest_route=\/wp\/v2\/users\/96"}],"replies":[{"embeddable":true,"href":"https:\/\/diarioregionaldigital.com.br\/index.php?rest_route=%2Fwp%2Fv2%2Fcomments&post=161241"}],"version-history":[{"count":0,"href":"https:\/\/diarioregionaldigital.com.br\/index.php?rest_route=\/wp\/v2\/posts\/161241\/revisions"}],"wp:featuredmedia":[{"embeddable":true,"href":"https:\/\/diarioregionaldigital.com.br\/index.php?rest_route=\/wp\/v2\/media\/157303"}],"wp:attachment":[{"href":"https:\/\/diarioregionaldigital.com.br\/index.php?rest_route=%2Fwp%2Fv2%2Fmedia&parent=161241"}],"wp:term":[{"taxonomy":"category","embeddable":true,"href":"https:\/\/diarioregionaldigital.com.br\/index.php?rest_route=%2Fwp%2Fv2%2Fcategories&post=161241"},{"taxonomy":"post_tag","embeddable":true,"href":"https:\/\/diarioregionaldigital.com.br\/index.php?rest_route=%2Fwp%2Fv2%2Ftags&post=161241"}],"curies":[{"name":"wp","href":"https:\/\/api.w.org\/{rel}","templated":true}]}}