{"id":161238,"date":"2020-05-28T13:39:12","date_gmt":"2020-05-28T16:39:12","guid":{"rendered":"https:\/\/diarioregionaldigital.com.br\/?p=161238"},"modified":"2020-05-28T13:39:12","modified_gmt":"2020-05-28T16:39:12","slug":"revogada-portaria-com-punicoes-a-quem-descumpria-quarentena","status":"publish","type":"post","link":"https:\/\/diarioregionaldigital.com.br\/?p=161238","title":{"rendered":"Revogada portaria com puni\u00e7\u00f5es a quem descumpria quarentena"},"content":{"rendered":"<p><span style=\"font-weight: 400;\">Os minist\u00e9rios da Justi\u00e7a e Seguran\u00e7a P\u00fablica e da Sa\u00fade revogaram, nessa quinta-feira (28), a Portaria Interministerial n\u00ba 5, de mar\u00e7o, assinada pelos ex-ministros Sergio Moro e Henrique Mandeta, com orienta\u00e7\u00f5es sobre a obrigatoriedade das medidas de enfrentamento ao novo coronav\u00edrus (covid-19) e dava compet\u00eancia \u00e0 Uni\u00e3o para editar regras gerais sobre sa\u00fade p\u00fablica. A revoga\u00e7\u00e3o foi oficializada com a publica\u00e7\u00e3o da Portaria Interministerial\u00a0 n\u00ba 9, assinada pelos ministros da Justi\u00e7a e Seguran\u00e7a P\u00fablica, Andr\u00e9 Mendon\u00e7a, e interino da Sa\u00fade, Eduardo Pazuello, e publicada no <\/span><i><span style=\"font-weight: 400;\">Di\u00e1rio Oficial da Uni\u00e3o<\/span><\/i><span style=\"font-weight: 400;\"> de hoje.<\/span><\/p>\n<p><span style=\"font-weight: 400;\">A medida leva em conta a decis\u00e3o do Supremo Tribunal Federal (STF) que reconheceu a autonomia de estados e munic\u00edpios para tomar decis\u00f5es relativas ao enfrentamento da covid-19, mesmo em contrariedade a regras estabelecidas pela Uni\u00e3o.\u00a0<\/span><\/p>\n<p><span style=\"font-weight: 400;\">Segundo o Minist\u00e9rio da Justi\u00e7a, mesmo que, em raz\u00e3o da decis\u00e3o proferida, n\u00e3o seja poss\u00edvel aos \u00f3rg\u00e3os federais definir quais medidas de combate \u00e0 pandemia devem ser adotadas uniformemente no territ\u00f3rio nacional, \u201ch\u00e1 limites que n\u00e3o devem ser ultrapassados, j\u00e1 que previstos em tratados internacionais e em lei de car\u00e1ter nacional (Lei n\u00ba 13.979\/2020)\u201d.<\/span><\/p>\n<p><span style=\"font-weight: 400;\">Na nova portaria, as duas pastas reafirmam que \u201cdeve ser assegurado \u00e0s pessoas afetadas em raz\u00e3o da aplica\u00e7\u00e3o de medidas de enfrentamento ao coronav\u00edrus o pleno direito \u00e0 dignidade, aos direitos humanos e \u00e0s liberdades fundamentais\u201d.<\/span><\/p>\n<p>&nbsp;<\/p>\n<p><strong>Fonte:<\/strong> Ag\u00eancia Brasil<\/p>\n","protected":false},"excerpt":{"rendered":"<p>Os minist\u00e9rios da Justi\u00e7a e Seguran\u00e7a P\u00fablica e da Sa\u00fade revogaram, nessa quinta-feira (28), a Portaria Interministerial n\u00ba 5, de mar\u00e7o, assinada pelos ex-ministros Sergio Moro e Henrique Mandeta, com orienta\u00e7\u00f5es sobre a obrigatoriedade das medidas de enfrentamento ao novo coronav\u00edrus (covid-19) e dava compet\u00eancia \u00e0 Uni\u00e3o para editar regras gerais sobre sa\u00fade p\u00fablica. A [&hellip;]<\/p>\n","protected":false},"author":96,"featured_media":161239,"comment_status":"closed","ping_status":"closed","sticky":false,"template":"","format":"standard","meta":{"footnotes":""},"categories":[436,254,439],"tags":[],"class_list":["post-161238","post","type-post","status-publish","format-standard","has-post-thumbnail","hentry","category-destaque-da-semana","category-politica","category-ultima-hora"],"_links":{"self":[{"href":"https:\/\/diarioregionaldigital.com.br\/index.php?rest_route=\/wp\/v2\/posts\/161238","targetHints":{"allow":["GET"]}}],"collection":[{"href":"https:\/\/diarioregionaldigital.com.br\/index.php?rest_route=\/wp\/v2\/posts"}],"about":[{"href":"https:\/\/diarioregionaldigital.com.br\/index.php?rest_route=\/wp\/v2\/types\/post"}],"author":[{"embeddable":true,"href":"https:\/\/diarioregionaldigital.com.br\/index.php?rest_route=\/wp\/v2\/users\/96"}],"replies":[{"embeddable":true,"href":"https:\/\/diarioregionaldigital.com.br\/index.php?rest_route=%2Fwp%2Fv2%2Fcomments&post=161238"}],"version-history":[{"count":0,"href":"https:\/\/diarioregionaldigital.com.br\/index.php?rest_route=\/wp\/v2\/posts\/161238\/revisions"}],"wp:featuredmedia":[{"embeddable":true,"href":"https:\/\/diarioregionaldigital.com.br\/index.php?rest_route=\/wp\/v2\/media\/161239"}],"wp:attachment":[{"href":"https:\/\/diarioregionaldigital.com.br\/index.php?rest_route=%2Fwp%2Fv2%2Fmedia&parent=161238"}],"wp:term":[{"taxonomy":"category","embeddable":true,"href":"https:\/\/diarioregionaldigital.com.br\/index.php?rest_route=%2Fwp%2Fv2%2Fcategories&post=161238"},{"taxonomy":"post_tag","embeddable":true,"href":"https:\/\/diarioregionaldigital.com.br\/index.php?rest_route=%2Fwp%2Fv2%2Ftags&post=161238"}],"curies":[{"name":"wp","href":"https:\/\/api.w.org\/{rel}","templated":true}]}}