{"id":161235,"date":"2020-05-28T13:32:49","date_gmt":"2020-05-28T16:32:49","guid":{"rendered":"https:\/\/diarioregionaldigital.com.br\/?p=161235"},"modified":"2020-05-28T13:32:49","modified_gmt":"2020-05-28T16:32:49","slug":"contas-publicas-devem-fechar-este-ano-com-deficit-de-r-7087-bilhoes","status":"publish","type":"post","link":"https:\/\/diarioregionaldigital.com.br\/?p=161235","title":{"rendered":"Contas p\u00fablicas devem fechar este ano com d\u00e9ficit de R$ 708,7 bilh\u00f5es"},"content":{"rendered":"<p><span style=\"font-weight: 400;\">Com gastos extras para enfrentamento da pandemia de covid-19, queda de receitas pela posterga\u00e7\u00e3o de pagamento de tributos e com atividade econ\u00f4mica em queda, o Tesouro Nacional prev\u00ea d\u00e9ficit nas contas p\u00fablicas de R$ 708,7 bilh\u00f5es. Esse valor corresponde a 9,9% de tudo que o pa\u00eds produz &#8211; Produto Interno Bruto (PIB).<\/span><\/p>\n<p><span style=\"font-weight: 400;\">Se a estimativa se confirmar, ser\u00e1 o maior d\u00e9ficit prim\u00e1rio (despesas maiores que as receitas, sem considerar o c\u00e1lculo os gastos com juros) j\u00e1 registrado pelo setor p\u00fablico consolidado, formado por Uni\u00e3o, Estados e munic\u00edpios, segundo o Tesouro Nacional.<\/span><\/p>\n<p><span style=\"font-weight: 400;\">No m\u00eas passado, o Tesouro estimava d\u00e9ficit prim\u00e1rio de R$ 600 bilh\u00f5es. Em 2019, o d\u00e9ficit prim\u00e1rio do setor p\u00fablico ficou em R$ 61 bilh\u00f5es (0,9% do PIB).<\/span><\/p>\n<p><span style=\"font-weight: 400;\">\u201cO d\u00e9ficit do setor p\u00fablico pressup\u00f5e que n\u00e3o haja novas frustra\u00e7\u00f5es de receitas e renova\u00e7\u00e3o dos programas de combate aos efeitos econ\u00f4micos e sociais da covid-19, muitos dos quais programados para terminar em junho. Se algum programa for renovado ou se houver novas frustra\u00e7\u00f5es de receitas, o d\u00e9ficit prim\u00e1rio do setor p\u00fablico passar\u00e1 de 10% do PIB, pressionando ainda mais o crescimento da d\u00edvida l\u00edquida e bruta\u201d, diz o Tesouro, em relat\u00f3rio divulgado nessa quinta-feira (28).<\/span><\/p>\n<p><span style=\"font-weight: 400;\">O Tesouro destaca que a d\u00edvida p\u00fablica bruta dever\u00e1 passar de 75,8% do PIB, em 2019, para mais de 93% do PIB com as medidas j\u00e1 anunciadas, um crescimento de 17 pontos percentuais. A d\u00edvida l\u00edquida do setor p\u00fablico passar\u00e1 de 55,7% para cerca de 68% do PIB, acr\u00e9scimo de cerca de 12 pontos percentuais do PIB em um ano.<\/span><\/p>\n<p><b>Resultado do Tesouro<\/b><\/p>\n<p><span style=\"font-weight: 400;\">Em abril, o governo central (Tesouro Nacional, Previd\u00eancia Social e Banco Central) registrou d\u00e9ficit prim\u00e1rio de R$ 92,902 bilh\u00f5es, contra um super\u00e1vit de R$ 6,526 bilh\u00f5es no mesmo m\u00eas de 2019. O resultado do m\u00eas passado foi o pior j\u00e1 registrado pelo Tesouro Nacional na s\u00e9rie hist\u00f3rica iniciada em 1997.<\/span><\/p>\n<p><span style=\"font-weight: 400;\">De janeiro a abril, o resultado negativo chegou a R$ 95,762 bilh\u00f5es, contra R$ 2,762 bilh\u00f5es no primeiro quadrimestre do ano passado. O resultado negativo em 12 meses chegou a R$ 189,5 bilh\u00f5es, equivalente a 2,58% do PIB. A proje\u00e7\u00e3o de d\u00e9ficit prim\u00e1rio para o governo central \u00e9 de cerca de R$ 676 bilh\u00f5es, pr\u00f3ximo a 9,5% do PIB.<\/span><\/p>\n<p>&nbsp;<\/p>\n<p><strong>Fonte:<\/strong> Ag\u00eancia Brasil<\/p>\n","protected":false},"excerpt":{"rendered":"<p>Com gastos extras para enfrentamento da pandemia de covid-19, queda de receitas pela posterga\u00e7\u00e3o de pagamento de tributos e com atividade econ\u00f4mica em queda, o Tesouro Nacional prev\u00ea d\u00e9ficit nas contas p\u00fablicas de R$ 708,7 bilh\u00f5es. Esse valor corresponde a 9,9% de tudo que o pa\u00eds produz &#8211; Produto Interno Bruto (PIB). Se a estimativa [&hellip;]<\/p>\n","protected":false},"author":96,"featured_media":161236,"comment_status":"closed","ping_status":"closed","sticky":false,"template":"","format":"standard","meta":{"footnotes":""},"categories":[436,261,439],"tags":[],"class_list":["post-161235","post","type-post","status-publish","format-standard","has-post-thumbnail","hentry","category-destaque-da-semana","category-economia","category-ultima-hora"],"_links":{"self":[{"href":"https:\/\/diarioregionaldigital.com.br\/index.php?rest_route=\/wp\/v2\/posts\/161235","targetHints":{"allow":["GET"]}}],"collection":[{"href":"https:\/\/diarioregionaldigital.com.br\/index.php?rest_route=\/wp\/v2\/posts"}],"about":[{"href":"https:\/\/diarioregionaldigital.com.br\/index.php?rest_route=\/wp\/v2\/types\/post"}],"author":[{"embeddable":true,"href":"https:\/\/diarioregionaldigital.com.br\/index.php?rest_route=\/wp\/v2\/users\/96"}],"replies":[{"embeddable":true,"href":"https:\/\/diarioregionaldigital.com.br\/index.php?rest_route=%2Fwp%2Fv2%2Fcomments&post=161235"}],"version-history":[{"count":0,"href":"https:\/\/diarioregionaldigital.com.br\/index.php?rest_route=\/wp\/v2\/posts\/161235\/revisions"}],"wp:featuredmedia":[{"embeddable":true,"href":"https:\/\/diarioregionaldigital.com.br\/index.php?rest_route=\/wp\/v2\/media\/161236"}],"wp:attachment":[{"href":"https:\/\/diarioregionaldigital.com.br\/index.php?rest_route=%2Fwp%2Fv2%2Fmedia&parent=161235"}],"wp:term":[{"taxonomy":"category","embeddable":true,"href":"https:\/\/diarioregionaldigital.com.br\/index.php?rest_route=%2Fwp%2Fv2%2Fcategories&post=161235"},{"taxonomy":"post_tag","embeddable":true,"href":"https:\/\/diarioregionaldigital.com.br\/index.php?rest_route=%2Fwp%2Fv2%2Ftags&post=161235"}],"curies":[{"name":"wp","href":"https:\/\/api.w.org\/{rel}","templated":true}]}}