{"id":161227,"date":"2020-05-28T11:08:17","date_gmt":"2020-05-28T14:08:17","guid":{"rendered":"https:\/\/diarioregionaldigital.com.br\/?p=161227"},"modified":"2020-05-28T11:08:17","modified_gmt":"2020-05-28T14:08:17","slug":"macrorregioes-centro-e-leste-do-sul-avancam-para-onda-amarela-do-programa-minas-consciente","status":"publish","type":"post","link":"https:\/\/diarioregionaldigital.com.br\/?p=161227","title":{"rendered":"Macrorregi\u00f5es Centro e Leste do Sul avan\u00e7am para onda amarela do programa Minas Consciente"},"content":{"rendered":"<p>As macrorregi\u00f5es de Sa\u00fade\u00a0Centro\u00a0e\u00a0Leste do Sul avan\u00e7aram, nessa quarta-feira (27), para a onda amarela, que constitui a segunda fase do programa Minas Consciente. Desta forma, 154 cidades foram consideradas seguras para a reabertura de livrarias, papelarias e lojas de roupas e cal\u00e7ados. Criado pelo\u00a0Governo de Minas, o Minas Consciente prop\u00f5e a retomada econ\u00f4mica gradual e coordenada nas cidades mineiras durante a pandemia do coronav\u00edrus.<\/p>\n<p>O avan\u00e7o das duas macrorregi\u00f5es foi definido em encontro do Comit\u00ea Extraordin\u00e1rio Covid-19, que se re\u00fane periodicamente para discutir o avan\u00e7o da doen\u00e7a no estado. S\u00e3o verificados fatores econ\u00f4micos, como a gera\u00e7\u00e3o de empregos por setor, e de Sa\u00fade, como o n\u00famero de leitos dispon\u00edveis e a capacidade de atendimento das unidades de sa\u00fade em cada regional. Al\u00e9m disso, os t\u00e9cnicos inclu\u00edram na avalia\u00e7\u00e3o a taxa de letalidade da doen\u00e7a no Estado, que \u00e9 de 3,4% at\u00e9 o momento. No Brasil, o percentual \u00e9 de 6,3%.<\/p>\n<p>Outra mudan\u00e7a proposta durante a reuni\u00e3o do Comit\u00ea foi o avan\u00e7o da macrorregi\u00e3o de Sa\u00fade\u00a0Sul\u00a0da onda verde, que permite o funcionamento somente de servi\u00e7os essenciais, para a onda branca. A evolu\u00e7\u00e3o autoriza a reabertura de espa\u00e7os como lojas de artigos esportivos e jogos eletr\u00f4nicos, autoescolas e floriculturas em mais 154 cidades do estado. As macrorregi\u00f5es\u00a0Noroeste,\u00a0Norte\u00a0e\u00a0Centro-Sul\u00a0tamb\u00e9m seguem na onda branca, j\u00e1 que os indicadores mostraram que a taxa de ocupa\u00e7\u00e3o de leitos permaneceu sob controle mesmo ap\u00f3s a reabertura. As demais regi\u00f5es do estado devem manter os protocolos da onda verde.<\/p>\n<p>Apesar dos avan\u00e7os, o governador Romeu Zema ressalta que o momento ainda \u00e9 delicado e pede que a popula\u00e7\u00e3o continue agindo com cautela.<\/p>\n<p>\u201cAt\u00e9 o momento, a situa\u00e7\u00e3o de Minas Gerais \u00e9 de seguran\u00e7a, mas vale lembrar que nos \u00faltimos sete dias tivemos um aumento no n\u00famero de novos casos confirmados e tamb\u00e9m de ocupa\u00e7\u00e3o de leitos de UTI, com 8,5% deles ocupados com doentes por covid-19. A minha recomenda\u00e7\u00e3o \u00e9 que n\u00e3o baixemos a guarda. Temos que continuar fazendo tudo que est\u00e1 ao nosso alcance para evitar a dissemina\u00e7\u00e3o da doen\u00e7a. Mantenham o uso de m\u00e1scara, o distanciamento de 2 metros, as medidas de higieniza\u00e7\u00e3o, porque o coronav\u00edrus ainda est\u00e1 no meio de n\u00f3s e a qualquer momento, se descuidarmos, pode vir um aumento acentuado de contamina\u00e7\u00e3o\u201d, afirma.<\/p>\n<p>Ele tamb\u00e9m elogiou a postura adotada pelo povo mineiro at\u00e9 o momento e disse que o comprometimento de todos \u00e9 fundamental para o controle da pandemia no estado.<\/p>\n<p>\u201cO mineiro tem se comportado de forma prudente e adequada. Temos de levar esse trabalho adiante. Vale lembrar que estamos acompanhando toda a ocupa\u00e7\u00e3o de leitos de UTI nas diferentes regi\u00f5es do estado, assim como a evolu\u00e7\u00e3o dos casos. Desta forma, n\u00f3s temos como programar a libera\u00e7\u00e3o de novas ondas do programa Minas Consciente ou o recuo, de acordo com os resultados semanais. Vencemos as batalhas at\u00e9 o momento, mas isso n\u00e3o significa que teremos mais facilidade pela frente. A tend\u00eancia, com base no que observamos em outros pa\u00edses, \u00e9 que os n\u00fameros possam aumentar. Ent\u00e3o, fica o alerta para todos os mineiros. Vamos agir com muita consci\u00eancia\u201d, pede.<\/p>\n<p><strong>O programa<\/strong><\/p>\n<p>Elaborado pelo governo estadual, o programa Minas Consciente setoriza as atividades econ\u00f4micas em quatro \u201condas\u201d (onda verde \u2013 servi\u00e7os essenciais; onda branca \u2013 primeira fase; onda amarela \u2013 segunda fase; onda vermelha \u2013 terceira fase), a serem liberadas para funcionamento de forma progressiva, conforme indicadores de capacidade assistencial e de propaga\u00e7\u00e3o da doen\u00e7a.<\/p>\n<p>O programa tem objetivo de orientar as prefeituras. Ficar\u00e1 a crit\u00e9rio de cada prefeito aderir e seguir os protocolos em seu munic\u00edpio. Os empres\u00e1rios que desejam reativar seus estabelecimentos devem consultar se a prefeitura local aderiu ao programa e seguir as orienta\u00e7\u00f5es da\u00a0Secretaria de Estado de Sa\u00fade (SES-MG). At\u00e9 o dia 27 de maio, 80\u00a0prefeituras j\u00e1 tinham oficializado a ades\u00e3o ao programa, abrangendo um total de 2,18 milh\u00f5es de habitantes, correspondente a 11% da popula\u00e7\u00e3o mineira.<\/p>\n<p><strong>Onda amarela<\/strong><\/p>\n<p>As regi\u00f5es de Sa\u00fade\u00a0Centro\u00a0e\u00a0Leste do Sul\u00a0avan\u00e7aram para a onda amarela do programa Minas Consciente, permitindo, assim, a reabertura segura de novos segmentos de mercado. O avan\u00e7o ser\u00e1 poss\u00edvel gra\u00e7as \u00e0s taxas controladas da doen\u00e7a nas regi\u00f5es e o \u00edndice seguro de ocupa\u00e7\u00e3o de leitos de UTI.<\/p>\n<p>A partir de agora, poder\u00e3o voltar a funcionar espa\u00e7os como lojas de variedades, lojas de departamentos ou magazines (exceto Duty Free), tabacarias, livrarias, papelarias e lojas de vestu\u00e1rio.<\/p>\n<p><strong>Onda Branca<\/strong><\/p>\n<p>Al\u00e9m da macrorregi\u00e3o de Sa\u00fade\u00a0Sul, que evoluiu para a onda branca, as regi\u00f5es\u00a0Noroeste,\u00a0Norte\u00a0e\u00a0Centro-Sul, que j\u00e1 haviam progredido para o mesmo est\u00e1gio, continuam apresentando taxas controladas da doen\u00e7a e, por isso, podem manter os protocolos mais flex\u00edveis.<\/p>\n<p>Vale lembrar que, para a reabertura segura, os comerciantes devem seguir os protocolos do programa Minas Consciente. Algumas das orienta\u00e7\u00f5es s\u00e3o que os estabelecimentos tenham meios para higieniza\u00e7\u00e3o das m\u00e3os com \u00e1gua e sab\u00e3o ou \u00e1lcool em gel 70%. Eles tamb\u00e9m devem fornecer Equipamentos de Prote\u00e7\u00e3o Individual adequados para a atividade exercida e providenciar barreira de prote\u00e7\u00e3o f\u00edsica quando os funcion\u00e1rios estiverem em contato com o cliente.<\/p>\n<p><strong>Onda Verde<\/strong><\/p>\n<p>As regi\u00f5es\u00a0Nordeste,\u00a0Jequitinhonha,\u00a0Leste,\u00a0Vale do A\u00e7o,\u00a0Sudeste,\u00a0Oeste,\u00a0Tri\u00e2ngulo do Sul\u00a0e\u00a0Tri\u00e2ngulo do Norte\u00a0ainda n\u00e3o apresentam \u00edndices favor\u00e1veis para a retomada de novos setores econ\u00f4micos, j\u00e1 que a rela\u00e7\u00e3o entre o n\u00famero de leitos e a incid\u00eancia de novos casos, al\u00e9m do tempo m\u00e9dio para interna\u00e7\u00e3o ap\u00f3s solicita\u00e7\u00e3o, n\u00e3o permitem uma folga confi\u00e1vel se o n\u00famero de casos crescer em decorr\u00eancia da reabertura de novos estabelecimentos.<\/p>\n<p>Por isso, a orienta\u00e7\u00e3o \u00e9 que os munic\u00edpios dessas regi\u00f5es continuem seguindo os protocolos previstos na onda verde, para preservar a sa\u00fade da popula\u00e7\u00e3o e a capacidade de atendimento do sistema de sa\u00fade local.<\/p>\n<p><strong>Hot\u00e9is, atividade paisag\u00edstica e design de produtos<\/strong><\/p>\n<p>Ap\u00f3s parecer t\u00e9cnico apresentado na reuni\u00e3o do Comit\u00ea Extraordin\u00e1rio Covid-19, os hot\u00e9is passam a compor a onda verde do programa Minas Consciente, que engloba as atividades essenciais. A decis\u00e3o foi tomada ap\u00f3s avalia\u00e7\u00e3o do impacto econ\u00f4mico e da capacidade de adapta\u00e7\u00e3o do setor, como higieniza\u00e7\u00e3o e distanciamento social, e levando-se em conta que os espa\u00e7os podem ser utilizados como moradia.<\/p>\n<p>Tamb\u00e9m foram transferidos para a onda verde os setores de atividade paisag\u00edstica (como decora\u00e7\u00e3o e paisagismo) e design de produtos, por pertencerem \u00e0 cadeia de servi\u00e7os da constru\u00e7\u00e3o civil e da ind\u00fastria, respectivamente.<\/p>\n<p>Os protocolos a serem seguidos pelas empresas estar\u00e3o dispon\u00edveis em breve no site programa.<\/p>\n<p>&nbsp;<\/p>\n<p><strong>Fonte:\u00a0<\/strong>Ag\u00eancia Minas<\/p>\n","protected":false},"excerpt":{"rendered":"<p>As macrorregi\u00f5es de Sa\u00fade\u00a0Centro\u00a0e\u00a0Leste do Sul avan\u00e7aram, nessa quarta-feira (27), para a onda amarela, que constitui a segunda fase do programa Minas Consciente. Desta forma, 154 cidades foram consideradas seguras para a reabertura de livrarias, papelarias e lojas de roupas e cal\u00e7ados. Criado pelo\u00a0Governo de Minas, o Minas Consciente prop\u00f5e a retomada econ\u00f4mica gradual e [&hellip;]<\/p>\n","protected":false},"author":96,"featured_media":160250,"comment_status":"closed","ping_status":"closed","sticky":false,"template":"","format":"standard","meta":{"footnotes":""},"categories":[436,440,252,439],"tags":[],"class_list":["post-161227","post","type-post","status-publish","format-standard","has-post-thumbnail","hentry","category-destaque-da-semana","category-destaques-do-dia","category-regiao","category-ultima-hora"],"_links":{"self":[{"href":"https:\/\/diarioregionaldigital.com.br\/index.php?rest_route=\/wp\/v2\/posts\/161227","targetHints":{"allow":["GET"]}}],"collection":[{"href":"https:\/\/diarioregionaldigital.com.br\/index.php?rest_route=\/wp\/v2\/posts"}],"about":[{"href":"https:\/\/diarioregionaldigital.com.br\/index.php?rest_route=\/wp\/v2\/types\/post"}],"author":[{"embeddable":true,"href":"https:\/\/diarioregionaldigital.com.br\/index.php?rest_route=\/wp\/v2\/users\/96"}],"replies":[{"embeddable":true,"href":"https:\/\/diarioregionaldigital.com.br\/index.php?rest_route=%2Fwp%2Fv2%2Fcomments&post=161227"}],"version-history":[{"count":0,"href":"https:\/\/diarioregionaldigital.com.br\/index.php?rest_route=\/wp\/v2\/posts\/161227\/revisions"}],"wp:featuredmedia":[{"embeddable":true,"href":"https:\/\/diarioregionaldigital.com.br\/index.php?rest_route=\/wp\/v2\/media\/160250"}],"wp:attachment":[{"href":"https:\/\/diarioregionaldigital.com.br\/index.php?rest_route=%2Fwp%2Fv2%2Fmedia&parent=161227"}],"wp:term":[{"taxonomy":"category","embeddable":true,"href":"https:\/\/diarioregionaldigital.com.br\/index.php?rest_route=%2Fwp%2Fv2%2Fcategories&post=161227"},{"taxonomy":"post_tag","embeddable":true,"href":"https:\/\/diarioregionaldigital.com.br\/index.php?rest_route=%2Fwp%2Fv2%2Ftags&post=161227"}],"curies":[{"name":"wp","href":"https:\/\/api.w.org\/{rel}","templated":true}]}}