{"id":161209,"date":"2020-05-28T06:00:00","date_gmt":"2020-05-28T09:00:00","guid":{"rendered":"https:\/\/diarioregionaldigital.com.br\/?p=161209"},"modified":"2020-05-28T01:00:20","modified_gmt":"2020-05-28T04:00:20","slug":"convocacao-da-assembleia-geral-extraordinaria-28-05-2020","status":"publish","type":"post","link":"https:\/\/diarioregionaldigital.com.br\/?p=161209","title":{"rendered":"Convoca\u00e7\u00e3o da Assembleia Geral Extraordin\u00e1ria &#8211; 28\/05\/2020"},"content":{"rendered":"<p style=\"text-align: center;\"><strong>EDITAL DE CONVOCA\u00c7\u00c3O<\/strong><\/p>\n<p style=\"text-align: center;\"><strong>ASSEMBLEIA GERAL EXTRAORDIN\u00c1RIA<\/strong><\/p>\n<p style=\"text-align: center;\">Juiz de Fora, 20 de maio de 2020.<\/p>\n<p style=\"text-align: center;\">Prezados,<\/p>\n<p style=\"text-align: left;\">\u00a0 \u00a0\u00a0\u00a0\u00a0\u00a0\u00a0\u00a0\u00a0\u00a0\u00a0\u00a0 Ficam os Sr.(as) Associados(as), nos termos do Cap\u00edtulo V, Se\u00e7\u00e3o I, Inciso 11, \u00a7 1\u00b0 e\u00a0 Inciso 12, \u00a7 2\u00b0, do Estatuto da Associa\u00e7\u00e3o dos Moradores e Propriet\u00e1rios do \u201cResidencial Pomar da Serra\u201d, convocados a participar da:<\/p>\n<p style=\"text-align: center;\"><strong>ASSEMBLEIA GERAL EXTRAORDIN\u00c1RIA<\/strong><\/p>\n<p style=\"text-align: left;\">\u00a0 \u00a0\u00a0\u00a0\u00a0\u00a0\u00a0\u00a0\u00a0\u00a0\u00a0\u00a0 A realizar-se no viradouro, em frente \u00e0 Sede administrativa, do Residencial Pomar da Serra, localizado na Rodovia BR-040, s\/n\u00b0, km 786, bairro Santa Cruz, Juiz de Fora -MG, no dia 06 (seis) de junho de 2020, s\u00e1bado, em primeira convoca\u00e7\u00e3o \u00e1s 09:00h, com a presen\u00e7a de no m\u00ednimo, metade dos Associados(as) representantes e\/ou representados(as), que estejam adimplentes, e, \u00e1s 09:30h, em segunda convoca\u00e7\u00e3o, com qualquer n\u00famero, a fim de deliberar e aprovar os seguintes assuntos do dia:<\/p>\n<ul style=\"text-align: left;\">\n<li style=\"text-align: left;\"><strong>Adiamento da AGO (Assembleia Geral Ordin\u00e1ria)<\/strong><\/li>\n<li style=\"text-align: left;\"><strong>Prorroga\u00e7\u00e3o do mandato da atual Diretoria e Conselho Fiscal<\/strong><\/li>\n<\/ul>\n<p style=\"text-align: left;\">\u00a0 \u00a0 \u00a0 \u00a0 \u00a0 \u00a0 \u00a0Em virtude da Covid-19, esta AGE (Assembleia Geral Extraordin\u00e1ria) ser\u00e1 realizada, exclusivamente, com intuito de oferecer transpar\u00eancia e seguran\u00e7a quanto \u00e0 integridade f\u00edsica de seus Associados(as), evitando o risco de aglomera\u00e7\u00e3o para \u00e0 realiza\u00e7\u00e3o da AGO que deveria ocorrer em Junho\/2020, para \u00e0 aprova\u00e7\u00e3o de contas, elei\u00e7\u00e3o de Diretoria e Conselho Fiscal, assim com deliberar assuntos gerais.<\/p>\n<p style=\"text-align: left;\">\u00a0 \u00a0 \u00a0 \u00a0 \u00a0 \u00a0 \u00a0 Desta forma, para atendimento \u00e0s formalidades da Associa\u00e7\u00e3o, esta AGE ser\u00e1 realizada em 06\/06\/2020, no per\u00edodo de 09:00h \u00e1s 14:00h, tendo vota\u00e7\u00e3o, com atendimento individual, contemplando mesa de atendimento, com \u00e1lcool gel para uso de procedimento de higieniza\u00e7\u00e3o pessoal, antes do preenchimento do livro de presen\u00e7a e c\u00e9dula de voto.<\/p>\n<p style=\"text-align: left;\">\u00a0 \u00a0 \u00a0 \u00a0 \u00a0 \u00a0 \u00a0A prorroga\u00e7\u00e3o do mandato da atual Diretoria e Conselho Fiscal prorrogar\u00e1 o mandato de 08\/07 para 08\/12\/2020, podendo ser antecipada, em caso de normalidade, face a pandemia (Covid-19).<\/p>\n<p style=\"text-align: left;\">\u00a0\u00a0 \u00a0\u00a0\u00a0\u00a0\u00a0\u00a0\u00a0\u00a0\u00a0\u00a0 A AGO (Assembleia Geral Ordin\u00e1ria) para \u00e0 aprova\u00e7\u00e3o de contas, elei\u00e7\u00e3o da Diretoria e Conselho Fiscal e demais assuntos, ter\u00e1 convoca\u00e7\u00e3o, assim que as condi\u00e7\u00f5es de risco \u00e0 sa\u00fade estejam liberadas, pelo Minist\u00e9rio da Sa\u00fade e orienta\u00e7\u00e3o da OMS (Organiza\u00e7\u00e3o Mundial da Sa\u00fade).<\/p>\n<p style=\"text-align: left;\">\u00a0\u00a0 \u00a0\u00a0\u00a0\u00a0\u00a0\u00a0\u00a0\u00a0\u00a0\u00a0 Tendo em vista a relev\u00e2ncia dos assuntos a serem tratados, lembramos \u00e0 conveni\u00eancia da participa\u00e7\u00e3o de todos os Associados(as), sendo que aqueles(as) que n\u00e3o estiverem em dia com suas obriga\u00e7\u00f5es (adimplentes), n\u00e3o poder\u00e3o votar em Assembleia.<\/p>\n<p style=\"text-align: left;\">\u00a0\u00a0 \u00a0\u00a0\u00a0\u00a0\u00a0\u00a0\u00a0\u00a0\u00a0\u00a0 Esclarecemos ainda, que as decis\u00f5es tomadas em Assembleia, caber\u00e3o \u00e0 todos, inclusive aos ausentes.<\/p>\n<p style=\"text-align: left;\">\u00a0\u00a0\u00a0\u00a0 \u00a0\u00a0\u00a0\u00a0\u00a0\u00a0\u00a0\u00a0 Sem mais para o momento e esperando contar com a presen\u00e7a dos Senhores(as), subscrevemo-nos.<\/p>\n<p style=\"text-align: center;\"><strong>\u00a0Atenciosamente,<\/strong><\/p>\n<p style=\"text-align: center;\"><strong>Residencial Pomar da Serra<\/strong><\/p>\n<p style=\"text-align: center;\"><strong>Diretor Presidente<\/strong><\/p>\n","protected":false},"excerpt":{"rendered":"<p>EDITAL DE CONVOCA\u00c7\u00c3O ASSEMBLEIA GERAL EXTRAORDIN\u00c1RIA Juiz de Fora, 20 de maio de 2020. Prezados, \u00a0 \u00a0\u00a0\u00a0\u00a0\u00a0\u00a0\u00a0\u00a0\u00a0\u00a0\u00a0 Ficam os Sr.(as) Associados(as), nos termos do Cap\u00edtulo V, Se\u00e7\u00e3o I, Inciso 11, \u00a7 1\u00b0 e\u00a0 Inciso 12, \u00a7 2\u00b0, do Estatuto da Associa\u00e7\u00e3o dos Moradores e Propriet\u00e1rios do \u201cResidencial Pomar da Serra\u201d, convocados a participar da: ASSEMBLEIA [&hellip;]<\/p>\n","protected":false},"author":96,"featured_media":0,"comment_status":"closed","ping_status":"closed","sticky":false,"template":"","format":"standard","meta":{"footnotes":""},"categories":[307],"tags":[],"class_list":["post-161209","post","type-post","status-publish","format-standard","hentry","category-editais"],"_links":{"self":[{"href":"https:\/\/diarioregionaldigital.com.br\/index.php?rest_route=\/wp\/v2\/posts\/161209","targetHints":{"allow":["GET"]}}],"collection":[{"href":"https:\/\/diarioregionaldigital.com.br\/index.php?rest_route=\/wp\/v2\/posts"}],"about":[{"href":"https:\/\/diarioregionaldigital.com.br\/index.php?rest_route=\/wp\/v2\/types\/post"}],"author":[{"embeddable":true,"href":"https:\/\/diarioregionaldigital.com.br\/index.php?rest_route=\/wp\/v2\/users\/96"}],"replies":[{"embeddable":true,"href":"https:\/\/diarioregionaldigital.com.br\/index.php?rest_route=%2Fwp%2Fv2%2Fcomments&post=161209"}],"version-history":[{"count":0,"href":"https:\/\/diarioregionaldigital.com.br\/index.php?rest_route=\/wp\/v2\/posts\/161209\/revisions"}],"wp:attachment":[{"href":"https:\/\/diarioregionaldigital.com.br\/index.php?rest_route=%2Fwp%2Fv2%2Fmedia&parent=161209"}],"wp:term":[{"taxonomy":"category","embeddable":true,"href":"https:\/\/diarioregionaldigital.com.br\/index.php?rest_route=%2Fwp%2Fv2%2Fcategories&post=161209"},{"taxonomy":"post_tag","embeddable":true,"href":"https:\/\/diarioregionaldigital.com.br\/index.php?rest_route=%2Fwp%2Fv2%2Ftags&post=161209"}],"curies":[{"name":"wp","href":"https:\/\/api.w.org\/{rel}","templated":true}]}}