{"id":161188,"date":"2020-05-28T06:00:01","date_gmt":"2020-05-28T09:00:01","guid":{"rendered":"https:\/\/diarioregionaldigital.com.br\/?p=161188"},"modified":"2020-05-28T00:50:34","modified_gmt":"2020-05-28T03:50:34","slug":"princesa-de-minas","status":"publish","type":"post","link":"https:\/\/diarioregionaldigital.com.br\/?p=161188","title":{"rendered":"Princesa de Minas"},"content":{"rendered":"<p style=\"text-align: center;\"><strong>Atualidades<\/strong><\/p>\n<p style=\"text-align: center;\">Causou a live realizada na Federa\u00e7\u00e3o das C\u00e2maras de Dirigentes Log\u00edsticas (CDL) de Juiz de Fora, realizada com o representante da Secretaria do Estado de Desenvolvimento Econ\u00f4mico Fernando Passalio. Tendo como mediador o presidente da CDL, Marcos Casarin, a conversa girou sobre o retorno das atividades Minas Gerais.<\/p>\n<p style=\"text-align: center;\"><strong>Venda On-Line<\/strong><\/p>\n<p style=\"text-align: center;\">A marca Oh, Boy! Acaba de recrutar mulheres que est\u00e3o sem trabalho para serem vendedoras \u00e0 dist\u00e2ncia. Elas ganham c\u00f3digos e comiss\u00e3o por venda. Foi \u00e0 forma que a marca encontrou de dar sua contribui\u00e7\u00e3o no enfretamento da crise causada pela Covid-19.<\/p>\n<p style=\"text-align: center;\"><strong>Inverno Relax<\/strong><\/p>\n<p style=\"text-align: center;\">O moleton \u00e9 uma \u00f3tima op\u00e7\u00e3o para estar confort\u00e1vel com estilo em tempo de isolamento social. Estampado, com logomarca ou z\u00edper, escolha o modelo que mais combina com voc\u00ea. Mas aten\u00e7\u00e3o: tenha v\u00e1rios principalmente os da Colcci. M. Marques e Em\u00edlio Pucci, pois precisam ser lavados regularmente.<\/p>\n<p style=\"text-align: center;\"><strong>Princesa de Minas<\/strong><\/p>\n<p style=\"text-align: center;\">Para n\u00e3o deixar a data passar em branco, o Independ\u00eancia Shopping est\u00e1 colocando no ar a campanha \u201cJuiz de Fora, 170 anos: Orgulho de ser e prazer em viver aqui\u201d. Em s\u00edntese o projeto mostra curiosidades sobre a cidade, depoimentos de personalidades locais, al\u00e9m de uma viagem no tempo com fotos antigas de pontos importantes da cidade.<\/p>\n<p style=\"text-align: center;\"><span style=\"font-size: 14pt;\"><strong>Para Refletir<\/strong><\/span><\/p>\n<p style=\"text-align: center;\">O distanciamento social obrigou o mundo a ver como o ar poderia ser mais puro, os rios e mares mais l\u00edmpidos e c\u00e9u mais azul sem o absurdo tr\u00e1fego de carros e transatl\u00e2nticos, portanto a reengenharia dos grandes centros urbanos ser\u00e1 acelerada. Essas duas constata\u00e7\u00f5es d\u00e3o \u00e0 primeira vista um al\u00edvio aos mais rom\u00e2nticos. Tome nota!<\/p>\n<div id=\"attachment_161196\" style=\"width: 690px\" class=\"wp-caption aligncenter\"><img loading=\"lazy\" decoding=\"async\" aria-describedby=\"caption-attachment-161196\" class=\"wp-image-161196\" src=\"https:\/\/diarioregionaldigital.com.br\/wp-content\/uploads\/2020\/05\/fotoa-17-e1590636805666.jpg\" alt=\"\" width=\"680\" height=\"535\" srcset=\"https:\/\/diarioregionaldigital.com.br\/wp-content\/uploads\/2020\/05\/fotoa-17-e1590636805666.jpg 1080w, https:\/\/diarioregionaldigital.com.br\/wp-content\/uploads\/2020\/05\/fotoa-17-e1590636805666-300x236.jpg 300w, https:\/\/diarioregionaldigital.com.br\/wp-content\/uploads\/2020\/05\/fotoa-17-e1590636805666-768x604.jpg 768w, https:\/\/diarioregionaldigital.com.br\/wp-content\/uploads\/2020\/05\/fotoa-17-e1590636805666-1024x806.jpg 1024w, https:\/\/diarioregionaldigital.com.br\/wp-content\/uploads\/2020\/05\/fotoa-17-e1590636805666-360x283.jpg 360w\" sizes=\"auto, (max-width: 680px) 100vw, 680px\" \/><p id=\"caption-attachment-161196\" class=\"wp-caption-text\">Um foco de luz na bel\u00edssima Rainha da Primavera da Ase, Emilayne Werneck<\/p><\/div>\n<div id=\"attachment_161197\" style=\"width: 690px\" class=\"wp-caption aligncenter\"><img loading=\"lazy\" decoding=\"async\" aria-describedby=\"caption-attachment-161197\" class=\"wp-image-161197\" src=\"https:\/\/diarioregionaldigital.com.br\/wp-content\/uploads\/2020\/05\/fotoaa-5-e1590636942926.jpg\" alt=\"\" width=\"680\" height=\"549\" srcset=\"https:\/\/diarioregionaldigital.com.br\/wp-content\/uploads\/2020\/05\/fotoaa-5-e1590636942926.jpg 722w, https:\/\/diarioregionaldigital.com.br\/wp-content\/uploads\/2020\/05\/fotoaa-5-e1590636942926-300x242.jpg 300w, https:\/\/diarioregionaldigital.com.br\/wp-content\/uploads\/2020\/05\/fotoaa-5-e1590636942926-360x291.jpg 360w\" sizes=\"auto, (max-width: 680px) 100vw, 680px\" \/><p id=\"caption-attachment-161197\" class=\"wp-caption-text\">Jovem advogado Lenilson Fonseca adotou sua linda av\u00f3 D. Anair Fonseca e vivem no maior amor e carinho<\/p><\/div>\n<div id=\"attachment_161199\" style=\"width: 690px\" class=\"wp-caption aligncenter\"><img loading=\"lazy\" decoding=\"async\" aria-describedby=\"caption-attachment-161199\" class=\"wp-image-161199\" src=\"https:\/\/diarioregionaldigital.com.br\/wp-content\/uploads\/2020\/05\/fotoc-15-e1590636999196.jpg\" alt=\"\" width=\"680\" height=\"501\" srcset=\"https:\/\/diarioregionaldigital.com.br\/wp-content\/uploads\/2020\/05\/fotoc-15-e1590636999196.jpg 1158w, https:\/\/diarioregionaldigital.com.br\/wp-content\/uploads\/2020\/05\/fotoc-15-e1590636999196-300x221.jpg 300w, https:\/\/diarioregionaldigital.com.br\/wp-content\/uploads\/2020\/05\/fotoc-15-e1590636999196-768x566.jpg 768w, https:\/\/diarioregionaldigital.com.br\/wp-content\/uploads\/2020\/05\/fotoc-15-e1590636999196-1024x755.jpg 1024w, https:\/\/diarioregionaldigital.com.br\/wp-content\/uploads\/2020\/05\/fotoc-15-e1590636999196-360x265.jpg 360w\" sizes=\"auto, (max-width: 680px) 100vw, 680px\" \/><p id=\"caption-attachment-161199\" class=\"wp-caption-text\">Linda em quarentena, Simone Tavares na Fazenda Guarit\u00e1, em Rio das Flores (RJ)<\/p><\/div>\n<div id=\"attachment_161198\" style=\"width: 690px\" class=\"wp-caption aligncenter\"><img loading=\"lazy\" decoding=\"async\" aria-describedby=\"caption-attachment-161198\" class=\"wp-image-161198\" src=\"https:\/\/diarioregionaldigital.com.br\/wp-content\/uploads\/2020\/05\/fotob-17-e1590636963656.jpg\" alt=\"\" width=\"680\" height=\"522\" srcset=\"https:\/\/diarioregionaldigital.com.br\/wp-content\/uploads\/2020\/05\/fotob-17-e1590636963656.jpg 919w, https:\/\/diarioregionaldigital.com.br\/wp-content\/uploads\/2020\/05\/fotob-17-e1590636963656-300x230.jpg 300w, https:\/\/diarioregionaldigital.com.br\/wp-content\/uploads\/2020\/05\/fotob-17-e1590636963656-768x589.jpg 768w, https:\/\/diarioregionaldigital.com.br\/wp-content\/uploads\/2020\/05\/fotob-17-e1590636963656-360x276.jpg 360w\" sizes=\"auto, (max-width: 680px) 100vw, 680px\" \/><p id=\"caption-attachment-161198\" class=\"wp-caption-text\">O estilo country de Welton Souza em isolamento social na fazenda<\/p><\/div>\n<div id=\"attachment_161191\" style=\"width: 690px\" class=\"wp-caption aligncenter\"><img loading=\"lazy\" decoding=\"async\" aria-describedby=\"caption-attachment-161191\" class=\"wp-image-161191\" src=\"https:\/\/diarioregionaldigital.com.br\/wp-content\/uploads\/2020\/05\/fotog-13-e1590636831908.jpg\" alt=\"\" width=\"680\" height=\"481\" srcset=\"https:\/\/diarioregionaldigital.com.br\/wp-content\/uploads\/2020\/05\/fotog-13-e1590636831908.jpg 945w, https:\/\/diarioregionaldigital.com.br\/wp-content\/uploads\/2020\/05\/fotog-13-e1590636831908-300x212.jpg 300w, https:\/\/diarioregionaldigital.com.br\/wp-content\/uploads\/2020\/05\/fotog-13-e1590636831908-768x544.jpg 768w, https:\/\/diarioregionaldigital.com.br\/wp-content\/uploads\/2020\/05\/fotog-13-e1590636831908-750x530.jpg 750w, https:\/\/diarioregionaldigital.com.br\/wp-content\/uploads\/2020\/05\/fotog-13-e1590636831908-360x255.jpg 360w, https:\/\/diarioregionaldigital.com.br\/wp-content\/uploads\/2020\/05\/fotog-13-e1590636831908-100x70.jpg 100w\" sizes=\"auto, (max-width: 680px) 100vw, 680px\" \/><p id=\"caption-attachment-161191\" class=\"wp-caption-text\">No emp\u00f3rio da vida, os elegantes colunistas: Marc\u00edlio Gomes e Patr\u00edcia Alvim<\/p><\/div>\n<div id=\"attachment_161207\" style=\"width: 690px\" class=\"wp-caption aligncenter\"><img loading=\"lazy\" decoding=\"async\" aria-describedby=\"caption-attachment-161207\" class=\"wp-image-161207\" src=\"https:\/\/diarioregionaldigital.com.br\/wp-content\/uploads\/2020\/05\/fotoe-16-e1590637705462.jpg\" alt=\"\" width=\"680\" height=\"508\" srcset=\"https:\/\/diarioregionaldigital.com.br\/wp-content\/uploads\/2020\/05\/fotoe-16-e1590637705462.jpg 1077w, https:\/\/diarioregionaldigital.com.br\/wp-content\/uploads\/2020\/05\/fotoe-16-e1590637705462-300x224.jpg 300w, https:\/\/diarioregionaldigital.com.br\/wp-content\/uploads\/2020\/05\/fotoe-16-e1590637705462-768x573.jpg 768w, https:\/\/diarioregionaldigital.com.br\/wp-content\/uploads\/2020\/05\/fotoe-16-e1590637705462-1024x764.jpg 1024w, https:\/\/diarioregionaldigital.com.br\/wp-content\/uploads\/2020\/05\/fotoe-16-e1590637705462-360x269.jpg 360w\" sizes=\"auto, (max-width: 680px) 100vw, 680px\" \/><p id=\"caption-attachment-161207\" class=\"wp-caption-text\">Mulheres elegantes em ritmo social: Ana Cristina Ribeiro Aquino e Neuza Pascoalino Ribeiro<\/p><\/div>\n<div id=\"attachment_161206\" style=\"width: 690px\" class=\"wp-caption aligncenter\"><img loading=\"lazy\" decoding=\"async\" aria-describedby=\"caption-attachment-161206\" class=\"wp-image-161206\" src=\"https:\/\/diarioregionaldigital.com.br\/wp-content\/uploads\/2020\/05\/fotod-17-e1590637666912.jpg\" alt=\"\" width=\"680\" height=\"504\" srcset=\"https:\/\/diarioregionaldigital.com.br\/wp-content\/uploads\/2020\/05\/fotod-17-e1590637666912.jpg 689w, https:\/\/diarioregionaldigital.com.br\/wp-content\/uploads\/2020\/05\/fotod-17-e1590637666912-300x222.jpg 300w, https:\/\/diarioregionaldigital.com.br\/wp-content\/uploads\/2020\/05\/fotod-17-e1590637666912-360x267.jpg 360w\" sizes=\"auto, (max-width: 680px) 100vw, 680px\" \/><p id=\"caption-attachment-161206\" class=\"wp-caption-text\">A elegante Sonia Caniato recebeu carinho do filho arquiteto Luas Lorhan<\/p><\/div>\n<div id=\"attachment_161205\" style=\"width: 690px\" class=\"wp-caption aligncenter\"><img loading=\"lazy\" decoding=\"async\" aria-describedby=\"caption-attachment-161205\" class=\"wp-image-161205\" src=\"https:\/\/diarioregionaldigital.com.br\/wp-content\/uploads\/2020\/05\/fotof-15-e1590637629456.jpg\" alt=\"\" width=\"680\" height=\"509\" srcset=\"https:\/\/diarioregionaldigital.com.br\/wp-content\/uploads\/2020\/05\/fotof-15-e1590637629456.jpg 957w, https:\/\/diarioregionaldigital.com.br\/wp-content\/uploads\/2020\/05\/fotof-15-e1590637629456-300x225.jpg 300w, https:\/\/diarioregionaldigital.com.br\/wp-content\/uploads\/2020\/05\/fotof-15-e1590637629456-768x575.jpg 768w, https:\/\/diarioregionaldigital.com.br\/wp-content\/uploads\/2020\/05\/fotof-15-e1590637629456-360x270.jpg 360w\" sizes=\"auto, (max-width: 680px) 100vw, 680px\" \/><p id=\"caption-attachment-161205\" class=\"wp-caption-text\">O vereador Marlon Siqueira paparicando o filho Vinicius Siqueira<\/p><\/div>\n<div id=\"attachment_161192\" style=\"width: 690px\" class=\"wp-caption aligncenter\"><img loading=\"lazy\" decoding=\"async\" aria-describedby=\"caption-attachment-161192\" class=\"wp-image-161192\" src=\"https:\/\/diarioregionaldigital.com.br\/wp-content\/uploads\/2020\/05\/fotoh-12-e1590636890791.jpg\" alt=\"\" width=\"680\" height=\"472\" srcset=\"https:\/\/diarioregionaldigital.com.br\/wp-content\/uploads\/2020\/05\/fotoh-12-e1590636890791.jpg 943w, https:\/\/diarioregionaldigital.com.br\/wp-content\/uploads\/2020\/05\/fotoh-12-e1590636890791-300x208.jpg 300w, https:\/\/diarioregionaldigital.com.br\/wp-content\/uploads\/2020\/05\/fotoh-12-e1590636890791-768x533.jpg 768w, https:\/\/diarioregionaldigital.com.br\/wp-content\/uploads\/2020\/05\/fotoh-12-e1590636890791-360x250.jpg 360w, https:\/\/diarioregionaldigital.com.br\/wp-content\/uploads\/2020\/05\/fotoh-12-e1590636890791-100x70.jpg 100w\" sizes=\"auto, (max-width: 680px) 100vw, 680px\" \/><p id=\"caption-attachment-161192\" class=\"wp-caption-text\">Quarteto campe\u00e3o: Paulo Ribeiro e os filhos Fellipe, Frederico e Eduardo<\/p><\/div>\n<div id=\"attachment_161193\" style=\"width: 690px\" class=\"wp-caption aligncenter\"><img loading=\"lazy\" decoding=\"async\" aria-describedby=\"caption-attachment-161193\" class=\"wp-image-161193\" src=\"https:\/\/diarioregionaldigital.com.br\/wp-content\/uploads\/2020\/05\/fotoi-7.jpg\" alt=\"\" width=\"680\" height=\"462\" srcset=\"https:\/\/diarioregionaldigital.com.br\/wp-content\/uploads\/2020\/05\/fotoi-7.jpg 922w, https:\/\/diarioregionaldigital.com.br\/wp-content\/uploads\/2020\/05\/fotoi-7-300x204.jpg 300w, https:\/\/diarioregionaldigital.com.br\/wp-content\/uploads\/2020\/05\/fotoi-7-768x521.jpg 768w, https:\/\/diarioregionaldigital.com.br\/wp-content\/uploads\/2020\/05\/fotoi-7-360x244.jpg 360w\" sizes=\"auto, (max-width: 680px) 100vw, 680px\" \/><p id=\"caption-attachment-161193\" class=\"wp-caption-text\">Ana Luisa comemorou 15 anos ladeada de C\u00e1ssio, Carlos Domingo Faria e Lily Moraes<\/p><\/div>\n<p style=\"text-align: center;\"><strong>FOTOSS\u00cdNTESE<\/strong><\/p>\n<p>A UFJF lan\u00e7ou o projeto que re\u00fane cartas para o futuro com o tema \u201cQueria que soubessem\u201d para dar oportunidade para que as pessoas falem suas perspectivas diante da pandemia do novo Coronav\u00edrus. Mas adverte que os textos n\u00e3o devem conter palavras chulas, agress\u00f5es pessoais e\/ou mensagens que possam gerar transtornos judiciais.<\/p>\n<p>Digno de elogios o professor e historiador dador Alex Bohrer orientou um grupo de pesquisa do Instituto Federal na reconstru\u00e7\u00e3o da Pra\u00e7a Tiradentes em Ouro Preto (MG).<\/p>\n<p>Para a mesa gastron\u00f4mica de quitutes \u00e1rabes, faz sucesso as variadas op\u00e7\u00f5es da Cozinha Chique by Cil\u00e9a Kalil N\u00e1der.<\/p>\n<p>Foram contemplados com doa\u00e7\u00f5es da blitz Solid\u00e1ria promovida pelo Grupo Solar de Comunica\u00e7\u00e3o \u00e0s institui\u00e7\u00f5es Funda\u00e7\u00e3o Esp\u00edrita Jo\u00e3o de Freitas, Educand\u00e1rio Carlos Chagas, Ascomcer e Lar dos Idosos Luiza de Marilacc.<\/p>\n<p>Como alternativa para suporte em suas academias, propriet\u00e1rios est\u00e3o alugando aparelhos e professores da Mega, t\u00eam realizado aulas e treinos que s\u00e3o divulgados em plataformas como o YouTube.<\/p>\n<p>Competente e moderno, J\u00falio Ribeiro, um dos gestores da Setor 1, garante que na loca\u00e7\u00e3o de im\u00f3veis \u00e9 importante a digitaliza\u00e7\u00e3o no mercado imobili\u00e1rio o onde os clientes podem resolver tudo por meio do celular.<\/p>\n<p>A secret\u00e1ria de Desenvolvimento Pessoal da PJF, Tammy Claret esteve no plen\u00e1rio da C\u00e2mara e fez cobran\u00e7a de apoio para a popula\u00e7\u00e3o em situa\u00e7\u00e3o de rua.<\/p>\n<p>Ficou linda de m\u00e1scara a modelo e miss Lorena Rodrigues e entre eles o advogado Arone Souza.<\/p>\n<p>Para contribuir: Se voc\u00ea n\u00e3o pode fazer nada para mudar a situa\u00e7\u00e3o atual, pelo ao menos seja portador (a) de not\u00edcias boas. Bom dia.<\/p>\n<p><img loading=\"lazy\" decoding=\"async\" class=\"aligncenter size-full wp-image-161186\" src=\"https:\/\/diarioregionaldigital.com.br\/wp-content\/uploads\/2020\/05\/anuncio86-2.jpg\" alt=\"\" width=\"3516\" height=\"1356\" srcset=\"https:\/\/diarioregionaldigital.com.br\/wp-content\/uploads\/2020\/05\/anuncio86-2.jpg 3516w, https:\/\/diarioregionaldigital.com.br\/wp-content\/uploads\/2020\/05\/anuncio86-2-300x116.jpg 300w, https:\/\/diarioregionaldigital.com.br\/wp-content\/uploads\/2020\/05\/anuncio86-2-768x296.jpg 768w, https:\/\/diarioregionaldigital.com.br\/wp-content\/uploads\/2020\/05\/anuncio86-2-1024x395.jpg 1024w, https:\/\/diarioregionaldigital.com.br\/wp-content\/uploads\/2020\/05\/anuncio86-2-360x139.jpg 360w\" sizes=\"auto, (max-width: 3516px) 100vw, 3516px\" \/><\/p>\n","protected":false},"excerpt":{"rendered":"<p>Atualidades Causou a live realizada na Federa\u00e7\u00e3o das C\u00e2maras de Dirigentes Log\u00edsticas (CDL) de Juiz de Fora, realizada com o representante da Secretaria do Estado de Desenvolvimento Econ\u00f4mico Fernando Passalio. Tendo como mediador o presidente da CDL, Marcos Casarin, a conversa girou sobre o retorno das atividades Minas Gerais. Venda On-Line A marca Oh, Boy! [&hellip;]<\/p>\n","protected":false},"author":96,"featured_media":161196,"comment_status":"closed","ping_status":"closed","sticky":false,"template":"","format":"standard","meta":{"footnotes":""},"categories":[264],"tags":[],"class_list":["post-161188","post","type-post","status-publish","format-standard","has-post-thumbnail","hentry","category-eduardo-gomes"],"_links":{"self":[{"href":"https:\/\/diarioregionaldigital.com.br\/index.php?rest_route=\/wp\/v2\/posts\/161188","targetHints":{"allow":["GET"]}}],"collection":[{"href":"https:\/\/diarioregionaldigital.com.br\/index.php?rest_route=\/wp\/v2\/posts"}],"about":[{"href":"https:\/\/diarioregionaldigital.com.br\/index.php?rest_route=\/wp\/v2\/types\/post"}],"author":[{"embeddable":true,"href":"https:\/\/diarioregionaldigital.com.br\/index.php?rest_route=\/wp\/v2\/users\/96"}],"replies":[{"embeddable":true,"href":"https:\/\/diarioregionaldigital.com.br\/index.php?rest_route=%2Fwp%2Fv2%2Fcomments&post=161188"}],"version-history":[{"count":0,"href":"https:\/\/diarioregionaldigital.com.br\/index.php?rest_route=\/wp\/v2\/posts\/161188\/revisions"}],"wp:featuredmedia":[{"embeddable":true,"href":"https:\/\/diarioregionaldigital.com.br\/index.php?rest_route=\/wp\/v2\/media\/161196"}],"wp:attachment":[{"href":"https:\/\/diarioregionaldigital.com.br\/index.php?rest_route=%2Fwp%2Fv2%2Fmedia&parent=161188"}],"wp:term":[{"taxonomy":"category","embeddable":true,"href":"https:\/\/diarioregionaldigital.com.br\/index.php?rest_route=%2Fwp%2Fv2%2Fcategories&post=161188"},{"taxonomy":"post_tag","embeddable":true,"href":"https:\/\/diarioregionaldigital.com.br\/index.php?rest_route=%2Fwp%2Fv2%2Ftags&post=161188"}],"curies":[{"name":"wp","href":"https:\/\/api.w.org\/{rel}","templated":true}]}}