{"id":161181,"date":"2020-05-27T21:35:39","date_gmt":"2020-05-28T00:35:39","guid":{"rendered":"https:\/\/diarioregionaldigital.com.br\/?p=161181"},"modified":"2020-05-27T21:35:39","modified_gmt":"2020-05-28T00:35:39","slug":"homem-e-preso-por-porte-ilegal-de-arma-de-fogo","status":"publish","type":"post","link":"https:\/\/diarioregionaldigital.com.br\/?p=161181","title":{"rendered":"Homem \u00e9 preso por porte ilegal de arma de fogo"},"content":{"rendered":"<p>Um homem de 53 anos, foi preso por porte ilegal de arma de fogo em Chap\u00e9u D&#8217;Uvas em Juiz de Fora. A Pol\u00edcia Militar (PM) recebeu informa\u00e7\u00f5es de que no endere\u00e7o ocorria tr\u00e1fico de drogas e que no local tamb\u00e9m poderia ser encontrado a tal arma de fogo, escondida em um puxadinho e enrolada em um pano. No local equipe policial foi recebida pela esposa do denunciado, onde esta ap\u00f3s tomar ci\u00eancia da den\u00fancia, prontamente liberou a entrada dos policiais. Logo em seguida a guarni\u00e7\u00e3o realizou buscas pela casa e obteve \u00eaxito em localizar um rev\u00f3lver calibre 22 e mais 44 muni\u00e7\u00f5es, escondidos debaixo da cama e enrolado em um pano.<\/p>\n<p>A moradora informou que a arma seria do seu esposo e que o mesmo poderia ser encontrado no condom\u00ednio em que estaria trabalhando. Guarni\u00e7\u00e3o deslocou at\u00e9 o endere\u00e7o, sendo localizado o autor, que confirmou ser o propriet\u00e1rio da arma e que adquiriu a mesma para preservar sua integridade f\u00edsica, uma vez que segundo ele, j\u00e1 sofreu amea\u00e7as de morte de um individuo conhecido como tipinha, residente naquela regi\u00e3o. Foi dado voz de pris\u00e3o em flagrante ao autor, conduzido a Delegacia juntamente com os materiais localizados.<\/p>\n","protected":false},"excerpt":{"rendered":"<p>Um homem de 53 anos, foi preso por porte ilegal de arma de fogo em Chap\u00e9u D&#8217;Uvas em Juiz de Fora. A Pol\u00edcia Militar (PM) recebeu informa\u00e7\u00f5es de que no endere\u00e7o ocorria tr\u00e1fico de drogas e que no local tamb\u00e9m poderia ser encontrado a tal arma de fogo, escondida em um puxadinho e enrolada em [&hellip;]<\/p>\n","protected":false},"author":96,"featured_media":95836,"comment_status":"closed","ping_status":"closed","sticky":false,"template":"","format":"standard","meta":{"footnotes":""},"categories":[301,436,439],"tags":[],"class_list":["post-161181","post","type-post","status-publish","format-standard","has-post-thumbnail","hentry","category-artigos-policiais","category-destaque-da-semana","category-ultima-hora"],"_links":{"self":[{"href":"https:\/\/diarioregionaldigital.com.br\/index.php?rest_route=\/wp\/v2\/posts\/161181","targetHints":{"allow":["GET"]}}],"collection":[{"href":"https:\/\/diarioregionaldigital.com.br\/index.php?rest_route=\/wp\/v2\/posts"}],"about":[{"href":"https:\/\/diarioregionaldigital.com.br\/index.php?rest_route=\/wp\/v2\/types\/post"}],"author":[{"embeddable":true,"href":"https:\/\/diarioregionaldigital.com.br\/index.php?rest_route=\/wp\/v2\/users\/96"}],"replies":[{"embeddable":true,"href":"https:\/\/diarioregionaldigital.com.br\/index.php?rest_route=%2Fwp%2Fv2%2Fcomments&post=161181"}],"version-history":[{"count":0,"href":"https:\/\/diarioregionaldigital.com.br\/index.php?rest_route=\/wp\/v2\/posts\/161181\/revisions"}],"wp:featuredmedia":[{"embeddable":true,"href":"https:\/\/diarioregionaldigital.com.br\/index.php?rest_route=\/wp\/v2\/media\/95836"}],"wp:attachment":[{"href":"https:\/\/diarioregionaldigital.com.br\/index.php?rest_route=%2Fwp%2Fv2%2Fmedia&parent=161181"}],"wp:term":[{"taxonomy":"category","embeddable":true,"href":"https:\/\/diarioregionaldigital.com.br\/index.php?rest_route=%2Fwp%2Fv2%2Fcategories&post=161181"},{"taxonomy":"post_tag","embeddable":true,"href":"https:\/\/diarioregionaldigital.com.br\/index.php?rest_route=%2Fwp%2Fv2%2Ftags&post=161181"}],"curies":[{"name":"wp","href":"https:\/\/api.w.org\/{rel}","templated":true}]}}