{"id":161179,"date":"2020-05-27T21:26:49","date_gmt":"2020-05-28T00:26:49","guid":{"rendered":"https:\/\/diarioregionaldigital.com.br\/?p=161179"},"modified":"2020-05-27T21:26:49","modified_gmt":"2020-05-28T00:26:49","slug":"crianca-e-ameacada-dentro-de-casa-por-invasor","status":"publish","type":"post","link":"https:\/\/diarioregionaldigital.com.br\/?p=161179","title":{"rendered":"Crian\u00e7a \u00e9 amea\u00e7ada dentro de casa por invasor"},"content":{"rendered":"<p>Uma crian\u00e7a de 12 anos, estava em sua resid\u00eancia no Bairro Don Bosco, quando em um determinado momento se deparou com um indiv\u00edduo dentro da resid\u00eancia\u00a0com um machucado na boca e armado de canivete. O autor amea\u00e7ou o menor e arrancou o aparelho celular de sua m\u00e3o e fugiu pela porta da cozinha, trancando a v\u00edtima no interior do im\u00f3vel.<\/p>\n","protected":false},"excerpt":{"rendered":"<p>Uma crian\u00e7a de 12 anos, estava em sua resid\u00eancia no Bairro Don Bosco, quando em um determinado momento se deparou com um indiv\u00edduo dentro da resid\u00eancia\u00a0com um machucado na boca e armado de canivete. O autor amea\u00e7ou o menor e arrancou o aparelho celular de sua m\u00e3o e fugiu pela porta da cozinha, trancando a [&hellip;]<\/p>\n","protected":false},"author":96,"featured_media":95836,"comment_status":"closed","ping_status":"closed","sticky":false,"template":"","format":"standard","meta":{"footnotes":""},"categories":[301,436,439],"tags":[],"class_list":["post-161179","post","type-post","status-publish","format-standard","has-post-thumbnail","hentry","category-artigos-policiais","category-destaque-da-semana","category-ultima-hora"],"_links":{"self":[{"href":"https:\/\/diarioregionaldigital.com.br\/index.php?rest_route=\/wp\/v2\/posts\/161179","targetHints":{"allow":["GET"]}}],"collection":[{"href":"https:\/\/diarioregionaldigital.com.br\/index.php?rest_route=\/wp\/v2\/posts"}],"about":[{"href":"https:\/\/diarioregionaldigital.com.br\/index.php?rest_route=\/wp\/v2\/types\/post"}],"author":[{"embeddable":true,"href":"https:\/\/diarioregionaldigital.com.br\/index.php?rest_route=\/wp\/v2\/users\/96"}],"replies":[{"embeddable":true,"href":"https:\/\/diarioregionaldigital.com.br\/index.php?rest_route=%2Fwp%2Fv2%2Fcomments&post=161179"}],"version-history":[{"count":0,"href":"https:\/\/diarioregionaldigital.com.br\/index.php?rest_route=\/wp\/v2\/posts\/161179\/revisions"}],"wp:featuredmedia":[{"embeddable":true,"href":"https:\/\/diarioregionaldigital.com.br\/index.php?rest_route=\/wp\/v2\/media\/95836"}],"wp:attachment":[{"href":"https:\/\/diarioregionaldigital.com.br\/index.php?rest_route=%2Fwp%2Fv2%2Fmedia&parent=161179"}],"wp:term":[{"taxonomy":"category","embeddable":true,"href":"https:\/\/diarioregionaldigital.com.br\/index.php?rest_route=%2Fwp%2Fv2%2Fcategories&post=161179"},{"taxonomy":"post_tag","embeddable":true,"href":"https:\/\/diarioregionaldigital.com.br\/index.php?rest_route=%2Fwp%2Fv2%2Ftags&post=161179"}],"curies":[{"name":"wp","href":"https:\/\/api.w.org\/{rel}","templated":true}]}}