{"id":161176,"date":"2020-05-27T21:18:47","date_gmt":"2020-05-28T00:18:47","guid":{"rendered":"https:\/\/diarioregionaldigital.com.br\/?p=161176"},"modified":"2020-05-27T21:18:47","modified_gmt":"2020-05-28T00:18:47","slug":"jovem-e-ameacada-durante-assalto-no-centro-de-juiz-de-fora","status":"publish","type":"post","link":"https:\/\/diarioregionaldigital.com.br\/?p=161176","title":{"rendered":"Jovem \u00e9 amea\u00e7ada durante assalto no Centro de Juiz de Fora"},"content":{"rendered":"<p>Uma jovem de 23 anos, relatou \u00e0 Pol\u00edcia Militar (PM), que estava indo para o trabalho e quando passava pela Galeria Constan\u00e7a Valadares, sentido rua Halfeld, deparou com um indiv\u00edduo moreno, que se aproximou apontando uma faca de cozinha , exigindo seu celular, que solicitou ao autor para que este n\u00e3o levasse o aparelho, mas este prosseguiu com as amea\u00e7as. A v\u00edtima com medo, entregou a carteira com todos os documentos pessoais, em seguida o autor correu sentido Rua S\u00e3o Jo\u00e3o tomando destino ignorado.<\/p>\n","protected":false},"excerpt":{"rendered":"<p>Uma jovem de 23 anos, relatou \u00e0 Pol\u00edcia Militar (PM), que estava indo para o trabalho e quando passava pela Galeria Constan\u00e7a Valadares, sentido rua Halfeld, deparou com um indiv\u00edduo moreno, que se aproximou apontando uma faca de cozinha , exigindo seu celular, que solicitou ao autor para que este n\u00e3o levasse o aparelho, mas [&hellip;]<\/p>\n","protected":false},"author":96,"featured_media":95836,"comment_status":"closed","ping_status":"closed","sticky":false,"template":"","format":"standard","meta":{"footnotes":""},"categories":[301,436,439],"tags":[],"class_list":["post-161176","post","type-post","status-publish","format-standard","has-post-thumbnail","hentry","category-artigos-policiais","category-destaque-da-semana","category-ultima-hora"],"_links":{"self":[{"href":"https:\/\/diarioregionaldigital.com.br\/index.php?rest_route=\/wp\/v2\/posts\/161176","targetHints":{"allow":["GET"]}}],"collection":[{"href":"https:\/\/diarioregionaldigital.com.br\/index.php?rest_route=\/wp\/v2\/posts"}],"about":[{"href":"https:\/\/diarioregionaldigital.com.br\/index.php?rest_route=\/wp\/v2\/types\/post"}],"author":[{"embeddable":true,"href":"https:\/\/diarioregionaldigital.com.br\/index.php?rest_route=\/wp\/v2\/users\/96"}],"replies":[{"embeddable":true,"href":"https:\/\/diarioregionaldigital.com.br\/index.php?rest_route=%2Fwp%2Fv2%2Fcomments&post=161176"}],"version-history":[{"count":0,"href":"https:\/\/diarioregionaldigital.com.br\/index.php?rest_route=\/wp\/v2\/posts\/161176\/revisions"}],"wp:featuredmedia":[{"embeddable":true,"href":"https:\/\/diarioregionaldigital.com.br\/index.php?rest_route=\/wp\/v2\/media\/95836"}],"wp:attachment":[{"href":"https:\/\/diarioregionaldigital.com.br\/index.php?rest_route=%2Fwp%2Fv2%2Fmedia&parent=161176"}],"wp:term":[{"taxonomy":"category","embeddable":true,"href":"https:\/\/diarioregionaldigital.com.br\/index.php?rest_route=%2Fwp%2Fv2%2Fcategories&post=161176"},{"taxonomy":"post_tag","embeddable":true,"href":"https:\/\/diarioregionaldigital.com.br\/index.php?rest_route=%2Fwp%2Fv2%2Ftags&post=161176"}],"curies":[{"name":"wp","href":"https:\/\/api.w.org\/{rel}","templated":true}]}}