{"id":161172,"date":"2020-05-27T21:15:48","date_gmt":"2020-05-28T00:15:48","guid":{"rendered":"https:\/\/diarioregionaldigital.com.br\/?p=161172"},"modified":"2020-05-27T21:15:48","modified_gmt":"2020-05-28T00:15:48","slug":"pm-apreende-grande-quantidade-de-crack","status":"publish","type":"post","link":"https:\/\/diarioregionaldigital.com.br\/?p=161172","title":{"rendered":"PM apreende grande quantidade de crack"},"content":{"rendered":"<p>A Pol\u00edcia Militar (PM) realizava um patrulhamento pelo Bairro Jardim Natal (Regi\u00e3o Noroeste), quando avistou um ve\u00edculo branco com o condutor em atitude suspeita. Os policiais perceberam que o autor passou uma sacola preta para um indiv\u00edduo do lado de fora do autom\u00f3vel. O mesmo notou a presen\u00e7a da viatura e jogou a sacola para dentro do carro e saiu andando pela rua. A guarni\u00e7\u00e3o se separou para abordar os dois indiv\u00edduos.<\/p>\n<p>Na abordagem ao motorista, os policiais realizaram buscas pelo ve\u00edculo e encontraram duas barras prensadas de crack de dentro da sacola preta, Debaixo do banco do motorista, foi encontrada a quantia de R$513 em dinheiro, dois celulares e uma folha de correspond\u00eancia com o endere\u00e7o do motorista, onde tinha anota\u00e7\u00f5es referentes ao tr\u00e1fico.<\/p>\n<p>Ao ser questionado sobre os materiais encontrados, o motorista disse que n\u00e3o sabia do que se tratava e que o autor que estava do lado de fora do ve\u00edculo seria o propriet\u00e1rio das drogas, o qual seria abordado alguns metros adiante. Ao ser questionado pelos policiais, o autor disse que recebeu as drogas do motorista, vers\u00e3o confirmada posteriormente. O motorista relatou que o restante das drogas estavam escondidas em sua resid\u00eancia no Bairro Nova Era.<\/p>\n<p>Com informa\u00e7\u00f5es em m\u00e3os, a PM foi at\u00e9 o endere\u00e7o informado e ao realizar buscas na resid\u00eancia, foram localizadas quatro barras prensadas de crack guardadas em um saco de ra\u00e7\u00e3o, al\u00e9m de materiais para embalar drogas e mais duas folhas de contabilidade do tr\u00e1fico. Os autores foram presos em flagrante e conduzidos para a Delegacia junto com os materiais apreendidos. O ve\u00edculo foi removido pelo reboque.<\/p>\n","protected":false},"excerpt":{"rendered":"<p>A Pol\u00edcia Militar (PM) realizava um patrulhamento pelo Bairro Jardim Natal (Regi\u00e3o Noroeste), quando avistou um ve\u00edculo branco com o condutor em atitude suspeita. Os policiais perceberam que o autor passou uma sacola preta para um indiv\u00edduo do lado de fora do autom\u00f3vel. O mesmo notou a presen\u00e7a da viatura e jogou a sacola para [&hellip;]<\/p>\n","protected":false},"author":96,"featured_media":161173,"comment_status":"closed","ping_status":"closed","sticky":false,"template":"","format":"standard","meta":{"footnotes":""},"categories":[301,436,439],"tags":[],"class_list":["post-161172","post","type-post","status-publish","format-standard","has-post-thumbnail","hentry","category-artigos-policiais","category-destaque-da-semana","category-ultima-hora"],"_links":{"self":[{"href":"https:\/\/diarioregionaldigital.com.br\/index.php?rest_route=\/wp\/v2\/posts\/161172","targetHints":{"allow":["GET"]}}],"collection":[{"href":"https:\/\/diarioregionaldigital.com.br\/index.php?rest_route=\/wp\/v2\/posts"}],"about":[{"href":"https:\/\/diarioregionaldigital.com.br\/index.php?rest_route=\/wp\/v2\/types\/post"}],"author":[{"embeddable":true,"href":"https:\/\/diarioregionaldigital.com.br\/index.php?rest_route=\/wp\/v2\/users\/96"}],"replies":[{"embeddable":true,"href":"https:\/\/diarioregionaldigital.com.br\/index.php?rest_route=%2Fwp%2Fv2%2Fcomments&post=161172"}],"version-history":[{"count":0,"href":"https:\/\/diarioregionaldigital.com.br\/index.php?rest_route=\/wp\/v2\/posts\/161172\/revisions"}],"wp:featuredmedia":[{"embeddable":true,"href":"https:\/\/diarioregionaldigital.com.br\/index.php?rest_route=\/wp\/v2\/media\/161173"}],"wp:attachment":[{"href":"https:\/\/diarioregionaldigital.com.br\/index.php?rest_route=%2Fwp%2Fv2%2Fmedia&parent=161172"}],"wp:term":[{"taxonomy":"category","embeddable":true,"href":"https:\/\/diarioregionaldigital.com.br\/index.php?rest_route=%2Fwp%2Fv2%2Fcategories&post=161172"},{"taxonomy":"post_tag","embeddable":true,"href":"https:\/\/diarioregionaldigital.com.br\/index.php?rest_route=%2Fwp%2Fv2%2Ftags&post=161172"}],"curies":[{"name":"wp","href":"https:\/\/api.w.org\/{rel}","templated":true}]}}