{"id":161161,"date":"2020-05-27T18:55:20","date_gmt":"2020-05-27T21:55:20","guid":{"rendered":"https:\/\/diarioregionaldigital.com.br\/?p=161161"},"modified":"2020-05-27T18:55:20","modified_gmt":"2020-05-27T21:55:20","slug":"distrito-de-humaita-recebe-novo-sistema-de-abastecimento-de-agua","status":"publish","type":"post","link":"https:\/\/diarioregionaldigital.com.br\/?p=161161","title":{"rendered":"Distrito de Humait\u00e1 recebe novo sistema de abastecimento de \u00e1gua"},"content":{"rendered":"<p>Os moradores do distrito de Humait\u00e1 j\u00e1 est\u00e3o recebendo os benef\u00edcios do novo sistema de abastecimento implantado pela Companhia de Saneamento Municipal (Cesama). A obra teve in\u00edcio em janeiro de 2019 e representa investimento de R$ 700 mil, abrangendo quatro mil metros de redes de recalque e distribui\u00e7\u00e3o, al\u00e9m de conjunto motobomba e reservat\u00f3rio com capacidade para 50 mil litros.<\/p>\n<p>Segundo o prefeito Ant\u00f4nio Almas, \u201cestes benef\u00edcios implantados pela Prefeitura de Juiz de Fora, atrav\u00e9s da Cesama, em Humait\u00e1, demonstram o respeito que temos pela popula\u00e7\u00e3o de todos os distritos da cidade. Com esse trabalho, estamos oferecendo um pouco mais de conforto e dignidade a todos os moradores destas regi\u00f5es. Outras localidades na \u00e1rea rural estar\u00e3o brevemente sendo atendidas em rela\u00e7\u00e3o a estas mesmas necessidades. Essa \u00e9 a nossa obriga\u00e7\u00e3o. Mesmo enfrentando grandes dificuldades neste momento, reconhecemos a necessidade da implanta\u00e7\u00e3o desse novo sistema de abastecimento de \u00e1gua para todos os moradores do distrito, e assim concretizamos uma antiga aspira\u00e7\u00e3o destas pessoas\u201d.<\/p>\n<p>O diretor de Desenvolvimento e Expans\u00e3o da Cesama, Marcelo Mello do Amaral, explicou que, \u201cat\u00e9 ent\u00e3o, a \u00e1gua no distrito era retirada do a\u00e7ude e distribu\u00edda \u00e0s resid\u00eancias, atrav\u00e9s de caixa d\u2019\u00e1gua, al\u00e9m de utilizar tr\u00eas minas pr\u00f3ximas. Agora, os cerca de 260 im\u00f3veis locais poder\u00e3o contar com \u00e1gua de qualidade, submetida aos devidos padr\u00f5es de potabilidade\u201d.<\/p>\n<p>Para os pr\u00f3ximos anos est\u00e3o previstas a\u00e7\u00f5es semelhantes no distrito de Monte Verde e em Chap\u00e9u d\u00b4Uvas, al\u00e9m de melhorias em Valadares, Paula Lima e Dias Tavares, regi\u00f5es que n\u00e3o t\u00eam condi\u00e7\u00f5es t\u00e9cnicas de conex\u00e3o com o sistema de abastecimento principal de Juiz de Fora. \u201cEstamos concluindo tamb\u00e9m o novo sistema de abastecimento de Penido, totalizando investimento de R$ 640 mil. Em breve, o distrito contar\u00e1 com tr\u00eas mil metros de redes, reservat\u00f3rio de 15 mil litros e esta\u00e7\u00e3o elevat\u00f3ria\u201d, detalhou o diretor.<\/p>\n<p>&nbsp;<\/p>\n<p><strong>Fonte:\u00a0<\/strong>Assessoria<\/p>\n","protected":false},"excerpt":{"rendered":"<p>Os moradores do distrito de Humait\u00e1 j\u00e1 est\u00e3o recebendo os benef\u00edcios do novo sistema de abastecimento implantado pela Companhia de Saneamento Municipal (Cesama). A obra teve in\u00edcio em janeiro de 2019 e representa investimento de R$ 700 mil, abrangendo quatro mil metros de redes de recalque e distribui\u00e7\u00e3o, al\u00e9m de conjunto motobomba e reservat\u00f3rio com [&hellip;]<\/p>\n","protected":false},"author":96,"featured_media":161162,"comment_status":"closed","ping_status":"closed","sticky":false,"template":"","format":"standard","meta":{"footnotes":""},"categories":[253,436,439],"tags":[],"class_list":["post-161161","post","type-post","status-publish","format-standard","has-post-thumbnail","hentry","category-cidade","category-destaque-da-semana","category-ultima-hora"],"_links":{"self":[{"href":"https:\/\/diarioregionaldigital.com.br\/index.php?rest_route=\/wp\/v2\/posts\/161161","targetHints":{"allow":["GET"]}}],"collection":[{"href":"https:\/\/diarioregionaldigital.com.br\/index.php?rest_route=\/wp\/v2\/posts"}],"about":[{"href":"https:\/\/diarioregionaldigital.com.br\/index.php?rest_route=\/wp\/v2\/types\/post"}],"author":[{"embeddable":true,"href":"https:\/\/diarioregionaldigital.com.br\/index.php?rest_route=\/wp\/v2\/users\/96"}],"replies":[{"embeddable":true,"href":"https:\/\/diarioregionaldigital.com.br\/index.php?rest_route=%2Fwp%2Fv2%2Fcomments&post=161161"}],"version-history":[{"count":0,"href":"https:\/\/diarioregionaldigital.com.br\/index.php?rest_route=\/wp\/v2\/posts\/161161\/revisions"}],"wp:featuredmedia":[{"embeddable":true,"href":"https:\/\/diarioregionaldigital.com.br\/index.php?rest_route=\/wp\/v2\/media\/161162"}],"wp:attachment":[{"href":"https:\/\/diarioregionaldigital.com.br\/index.php?rest_route=%2Fwp%2Fv2%2Fmedia&parent=161161"}],"wp:term":[{"taxonomy":"category","embeddable":true,"href":"https:\/\/diarioregionaldigital.com.br\/index.php?rest_route=%2Fwp%2Fv2%2Fcategories&post=161161"},{"taxonomy":"post_tag","embeddable":true,"href":"https:\/\/diarioregionaldigital.com.br\/index.php?rest_route=%2Fwp%2Fv2%2Ftags&post=161161"}],"curies":[{"name":"wp","href":"https:\/\/api.w.org\/{rel}","templated":true}]}}