{"id":161155,"date":"2020-05-27T18:45:29","date_gmt":"2020-05-27T21:45:29","guid":{"rendered":"https:\/\/diarioregionaldigital.com.br\/?p=161155"},"modified":"2020-05-27T18:46:13","modified_gmt":"2020-05-27T21:46:13","slug":"juiz-de-fora-confirma-mais-dois-obitos-por-coronavirus","status":"publish","type":"post","link":"https:\/\/diarioregionaldigital.com.br\/?p=161155","title":{"rendered":"Juiz de Fora confirma mais dois \u00f3bitos por Coronav\u00edrus"},"content":{"rendered":"<p>A Secretaria de Sa\u00fade (SS) da Prefeitura de Juiz de Fora (PJF), confirmou em boletim divulgado nesta quarta-feira (27), que Juiz de Fora chega a 31 mortes confirmadas por Coronav\u00edrus. Uma das v\u00edtimas \u00e9 uma idosa de anos e 74 anos que morreu nessa ter\u00e7a-feira (26). Entre as comorbidades, ela tinha Diabetes Mellitus, Doen\u00e7a Cardiovascular Cr\u00f4nica (DCC), pneumopatia cr\u00f4nica e obesidade. O outro \u00f3bito \u00e9 de um idoso de 86 anos que tinha Doen\u00e7a Cardiovascular Cr\u00f4nica (DCC), Hipertens\u00e3o Arterial Sist\u00eamica (HAS) e Doen\u00e7a Renal Cr\u00f4nica (DRC). O idoso morreu hoje (27).<\/p>\n<p>Conforme o levantamento, j\u00e1 s\u00e3o 597 casos confirmados e 4390 s\u00e3o suspeitos.<\/p>\n","protected":false},"excerpt":{"rendered":"<p>A Secretaria de Sa\u00fade (SS) da Prefeitura de Juiz de Fora (PJF), confirmou em boletim divulgado nesta quarta-feira (27), que Juiz de Fora chega a 31 mortes confirmadas por Coronav\u00edrus. Uma das v\u00edtimas \u00e9 uma idosa de anos e 74 anos que morreu nessa ter\u00e7a-feira (26). Entre as comorbidades, ela tinha Diabetes Mellitus, Doen\u00e7a Cardiovascular [&hellip;]<\/p>\n","protected":false},"author":96,"featured_media":157658,"comment_status":"closed","ping_status":"closed","sticky":false,"template":"","format":"standard","meta":{"footnotes":""},"categories":[253,436,440,439],"tags":[],"class_list":["post-161155","post","type-post","status-publish","format-standard","has-post-thumbnail","hentry","category-cidade","category-destaque-da-semana","category-destaques-do-dia","category-ultima-hora"],"_links":{"self":[{"href":"https:\/\/diarioregionaldigital.com.br\/index.php?rest_route=\/wp\/v2\/posts\/161155","targetHints":{"allow":["GET"]}}],"collection":[{"href":"https:\/\/diarioregionaldigital.com.br\/index.php?rest_route=\/wp\/v2\/posts"}],"about":[{"href":"https:\/\/diarioregionaldigital.com.br\/index.php?rest_route=\/wp\/v2\/types\/post"}],"author":[{"embeddable":true,"href":"https:\/\/diarioregionaldigital.com.br\/index.php?rest_route=\/wp\/v2\/users\/96"}],"replies":[{"embeddable":true,"href":"https:\/\/diarioregionaldigital.com.br\/index.php?rest_route=%2Fwp%2Fv2%2Fcomments&post=161155"}],"version-history":[{"count":0,"href":"https:\/\/diarioregionaldigital.com.br\/index.php?rest_route=\/wp\/v2\/posts\/161155\/revisions"}],"wp:featuredmedia":[{"embeddable":true,"href":"https:\/\/diarioregionaldigital.com.br\/index.php?rest_route=\/wp\/v2\/media\/157658"}],"wp:attachment":[{"href":"https:\/\/diarioregionaldigital.com.br\/index.php?rest_route=%2Fwp%2Fv2%2Fmedia&parent=161155"}],"wp:term":[{"taxonomy":"category","embeddable":true,"href":"https:\/\/diarioregionaldigital.com.br\/index.php?rest_route=%2Fwp%2Fv2%2Fcategories&post=161155"},{"taxonomy":"post_tag","embeddable":true,"href":"https:\/\/diarioregionaldigital.com.br\/index.php?rest_route=%2Fwp%2Fv2%2Ftags&post=161155"}],"curies":[{"name":"wp","href":"https:\/\/api.w.org\/{rel}","templated":true}]}}