{"id":161102,"date":"2020-05-27T14:47:02","date_gmt":"2020-05-27T17:47:02","guid":{"rendered":"https:\/\/diarioregionaldigital.com.br\/?p=161102"},"modified":"2020-05-27T14:47:02","modified_gmt":"2020-05-27T17:47:02","slug":"novo-boletim-de-pesquisa-da-ufjf-aponta-aumento-de-casos-confirmados","status":"publish","type":"post","link":"https:\/\/diarioregionaldigital.com.br\/?p=161102","title":{"rendered":"Novo boletim de pesquisa da UFJF aponta aumento de casos confirmados"},"content":{"rendered":"<p><span style=\"font-weight: 400;\">O novo boletim epidemiol\u00f3gico produzido pela equipe de pesquisadores da Universidade Federal de Juiz de Fora (UFJF), aponta que n\u00famero de casos segue em crescimento e tamb\u00e9m queda do isolamento social pelo munic\u00edpio.\u00a0<\/span><\/p>\n<p><span style=\"font-weight: 400;\">O primeiro levantamento divulgado no dia 12 deste m\u00eas apresentava taxa de crescimento de 8% ao dia. No segundo, de 19 de maio, este n\u00famero havia ca\u00eddo para 4,2% \u2013 j\u00e1 no boletim mais recente, o n\u00famero diminui para 3,8%, uma diferen\u00e7a n\u00e3o detect\u00e1vel estatisticamente.<\/span><\/p>\n<p><span style=\"font-weight: 400;\">Segundo um dos pesquisadores, Fernando Colugnati, diz que os dados s\u00e3o referentes \u00e0 semana passada e diz que ainda n\u00e3o \u00e9 poss\u00edvel fazer uma rela\u00e7\u00e3o e que vai aguardar os dados da pr\u00f3xima semana:<\/span><\/p>\n<p><span style=\"font-weight: 400;\">\u201cHouve uma queda no n\u00famero m\u00e9dio de casos de uma semana para a outra, mas, ainda assim, a curva continua em ascens\u00e3o na mesma taxa, seguindo a mesma tend\u00eancia de crescimento. Ainda n\u00e3o \u00e9 poss\u00edvel fazer uma rela\u00e7\u00e3o causal e o ideal \u00e9 esperarmos a pr\u00f3xima semana para observar se este cen\u00e1rio se confirma. Ontem (27), por exemplo, j\u00e1 tivemos um aumento de n\u00famero de casos confirmados na cidade.\u201d<\/span><\/p>\n<p><span style=\"font-weight: 400;\">Fernando explica tamb\u00e9m sobre como funciona o ciclo da epidemia:<\/span><\/p>\n<p><span style=\"font-weight: 400;\">\u201c\u00c9 importante ressaltar que a epidemia sempre acontece em ciclos. Quando olhamos uma cidade do porte de Juiz de Fora, cujos bairros s\u00e3o heterog\u00eaneos, muitas vezes vemos pequenos picos na epidemia em locais que apresentaram pequenos surtos. Mas o v\u00edrus continua ativo e espalhando-se na cidade. Provavelmente, o que veremos aqui ser\u00e3o pequenas ondas ao longo do tempo.\u201d<\/span><\/p>\n<p><b>Isolamento social<\/b><\/p>\n<p><span style=\"font-weight: 400;\">Outro ponto levantado na pesquisa \u00e9 a diminui\u00e7\u00e3o do isolamento social desde o dia 15 de abril at\u00e9 o dia 25 deste m\u00eas. O m\u00e9todo utilizado para obter tais dados \u00e9 o uso de telefone celular, o qual notifica o percentual de celulares que n\u00e3o sa\u00edram de casa. De acordo com Fernando Colugnati, o indicador vem sendo usado nas grande capitais como monitoramento e \u00e9 fornecido, de forma agregada, pelas empresas de telefonia:<\/span><\/p>\n<p><span style=\"font-weight: 400;\">\u201cSabemos o percentual de aparelhos que n\u00e3o deixaram o domic\u00edlio naquele dia, baseado nos dados de GPS. Usamos apenas os valores fornecidos \u00e0 Prefeitura de Juiz de Fora, e disponibilizados em um painel de controle ao nosso grupo. Vamos tentar tamb\u00e9m a demanda de transporte coletivo e dados do Google Tr\u00e2nsito\u201d,<\/span><\/p>\n<p><span style=\"font-weight: 400;\">Qualquer sa\u00edda, mesmo que para atividades essenciais, \u00e9 contabilizada. Pessoas que n\u00e3o levam o aparelho quando saem, n\u00e3o s\u00e3o contabilizadas como saindo do isolamento. Mesmo assim, o levantamento mostra que houve crescimento das confirma\u00e7\u00f5es di\u00e1rias da Covid-19.\u00a0<\/span><\/p>\n<p><b>Plataforma \u201cJF Salvando Todos\u201d<\/b><\/p>\n<p><span style=\"font-weight: 400;\">No in\u00edcio deste m\u00eas de maio, os pesquisadores do departamento de Estat\u00edstica da UFJF desenvolveram a plataforma virtual JF Salvando Todos, para o acompanhamento da evolu\u00e7\u00e3o dos casos de Covid-19 no Brasil. As informa\u00e7\u00f5es do portal se baseiam nos dados divulgados diariamente pelo Minist\u00e9rio da Sa\u00fade e a Secretaria de Estado de Sa\u00fade de Minas Gerais (SES-MG).<\/span><\/p>\n<p>&nbsp;<\/p>\n<p>&nbsp;<\/p>\n<p>&nbsp;<\/p>\n","protected":false},"excerpt":{"rendered":"<p>O novo boletim epidemiol\u00f3gico produzido pela equipe de pesquisadores da Universidade Federal de Juiz de Fora (UFJF), aponta que n\u00famero de casos segue em crescimento e tamb\u00e9m queda do isolamento social pelo munic\u00edpio.\u00a0 O primeiro levantamento divulgado no dia 12 deste m\u00eas apresentava taxa de crescimento de 8% ao dia. No segundo, de 19 de [&hellip;]<\/p>\n","protected":false},"author":96,"featured_media":161103,"comment_status":"closed","ping_status":"closed","sticky":false,"template":"","format":"standard","meta":{"footnotes":""},"categories":[253,436,440,439],"tags":[],"class_list":["post-161102","post","type-post","status-publish","format-standard","has-post-thumbnail","hentry","category-cidade","category-destaque-da-semana","category-destaques-do-dia","category-ultima-hora"],"_links":{"self":[{"href":"https:\/\/diarioregionaldigital.com.br\/index.php?rest_route=\/wp\/v2\/posts\/161102","targetHints":{"allow":["GET"]}}],"collection":[{"href":"https:\/\/diarioregionaldigital.com.br\/index.php?rest_route=\/wp\/v2\/posts"}],"about":[{"href":"https:\/\/diarioregionaldigital.com.br\/index.php?rest_route=\/wp\/v2\/types\/post"}],"author":[{"embeddable":true,"href":"https:\/\/diarioregionaldigital.com.br\/index.php?rest_route=\/wp\/v2\/users\/96"}],"replies":[{"embeddable":true,"href":"https:\/\/diarioregionaldigital.com.br\/index.php?rest_route=%2Fwp%2Fv2%2Fcomments&post=161102"}],"version-history":[{"count":0,"href":"https:\/\/diarioregionaldigital.com.br\/index.php?rest_route=\/wp\/v2\/posts\/161102\/revisions"}],"wp:featuredmedia":[{"embeddable":true,"href":"https:\/\/diarioregionaldigital.com.br\/index.php?rest_route=\/wp\/v2\/media\/161103"}],"wp:attachment":[{"href":"https:\/\/diarioregionaldigital.com.br\/index.php?rest_route=%2Fwp%2Fv2%2Fmedia&parent=161102"}],"wp:term":[{"taxonomy":"category","embeddable":true,"href":"https:\/\/diarioregionaldigital.com.br\/index.php?rest_route=%2Fwp%2Fv2%2Fcategories&post=161102"},{"taxonomy":"post_tag","embeddable":true,"href":"https:\/\/diarioregionaldigital.com.br\/index.php?rest_route=%2Fwp%2Fv2%2Ftags&post=161102"}],"curies":[{"name":"wp","href":"https:\/\/api.w.org\/{rel}","templated":true}]}}