{"id":161100,"date":"2020-05-27T14:19:54","date_gmt":"2020-05-27T17:19:54","guid":{"rendered":"https:\/\/diarioregionaldigital.com.br\/?p=161100"},"modified":"2020-05-27T14:19:54","modified_gmt":"2020-05-27T17:19:54","slug":"aumento-de-srag-nao-reflete-numero-de-casos-da-covid-19-em-minas","status":"publish","type":"post","link":"https:\/\/diarioregionaldigital.com.br\/?p=161100","title":{"rendered":"Aumento de SRAG n\u00e3o reflete n\u00famero de casos da covid-19 em Minas"},"content":{"rendered":"<p><span style=\"font-weight: 400;\">O secret\u00e1rio de Estado de Sa\u00fade de Minas Gerais, Carlos Eduardo Amaral, e o subsecret\u00e1rio de Vigil\u00e2ncia em Sa\u00fade Dario Ramalho participaram de coletiva virtual na ter\u00e7a-feira (26), na Cidade Administrativa. Ao abordar o aumento dos casos de S\u00edndrome Respirat\u00f3ria Aguda Grave (SRAG), o secret\u00e1rio refor\u00e7ou que h\u00e1 in\u00fameras hip\u00f3teses para o crescimento e o fato pode estar relacionado \u00e0 maior sensibilidade em notificar casos de SRAG, \u00e0 circula\u00e7\u00e3o de outros v\u00edrus sazonais e \u00e0 circula\u00e7\u00e3o da covid-19 na popula\u00e7\u00e3o mundial.<\/span><\/p>\n<p><span style=\"font-weight: 400;\">\u201cEssa eleva\u00e7\u00e3o da SRAG n\u00e3o se traduz na eleva\u00e7\u00e3o dos casos da covid-19, at\u00e9 o momento. O percentual de positividade da doen\u00e7a nas amostras de SRAG \u00e9 muito baixo. As interna\u00e7\u00f5es e os n\u00fameros de atestados de \u00f3bitos por causas respirat\u00f3rias est\u00e3o menores do que os registrados em 2019. Temos uma s\u00e9rie de an\u00e1lises que, quando vistas de uma forma mais global, nos permite enxergar que a ascens\u00e3o das notifica\u00e7\u00f5es por SRAG n\u00e3o se traduz, nesse momento, em covid-19. Isso tudo \u00e9 fruto do adiamento da curva da doen\u00e7a em Minas Gerais\u201d, disse Amaral.<\/span><\/p>\n<p><span style=\"font-weight: 400;\">Al\u00e9m dos casos de SRAG e dos \u00f3bitos, outras informa\u00e7\u00f5es s\u00e3o utilizadas para se ter uma avalia\u00e7\u00e3o global da pandemia. \u201cAtualmente, temos institui\u00e7\u00f5es com leitos ociosos. Esse \u00e9 um sinal indireto de que efetivamente n\u00e3o estamos tendo excesso de casos de covid-19 e excesso de demanda\u201d, complementou Amaral. No momento, a rede hospitalar mineira apresenta ocupa\u00e7\u00e3o de 69% de leitos de UTI sendo 8,5% do total utilizados para casos de covid-19.<\/span><\/p>\n<p><span style=\"font-weight: 400;\">O secret\u00e1rio refor\u00e7ou ainda que \u00e9 importante lembrar que a propaga\u00e7\u00e3o do v\u00edrus em todo o pa\u00eds j\u00e1 era esperada e que vai chegar tamb\u00e9m \u00e0s cidades do interior do estado. \u201cPara isso, o Governo de Minas vem se preparando h\u00e1 um tempo, por meio dos planos de conting\u00eancia macrorregional. Nesses documentos elencamos quais estruturas hospitalares ser\u00e3o utilizadas para o enfrentamento da covid-19 e em qual momento elas ser\u00e3o recrutadas para atender \u00e0 demanda naquela regi\u00e3o\u201d, finaliza.<\/span><\/p>\n<p><b>Crit\u00e9rios<\/b><\/p>\n<p><span style=\"font-weight: 400;\">Ao falar sobre os crit\u00e9rios utilizados para analisar o aumento das notifica\u00e7\u00f5es de SRAG e a propaga\u00e7\u00e3o do coronav\u00edrus, o subsecret\u00e1rio de Vigil\u00e2ncia em Sa\u00fade Dario Ramalho destacou a import\u00e2ncia do cruzamento de informa\u00e7\u00f5es de diversos bancos de dados.\u00a0<\/span><\/p>\n<p><span style=\"font-weight: 400;\">\u201cQuando fazemos uma an\u00e1lise de vigil\u00e2ncia, n\u00e3o adotamos apenas um crit\u00e9rio, mas v\u00e1rios. Pelos dados de registros de \u00f3bitos em cart\u00f3rio em 2019, por exemplo, \u00e9 poss\u00edvel observar que os casos por SRAG aumentaram do \u00faltimo ano para este. Mas, quando a an\u00e1lise inclui todas as causas de doen\u00e7as respirat\u00f3rias somadas, como pneumonia, influenza e at\u00e9 covid-19, o n\u00famero cai, em compara\u00e7\u00e3o a 2020\u201d, explica.<\/span><\/p>\n<p><b>Subnotifica\u00e7\u00e3o<\/b><\/p>\n<p><span style=\"font-weight: 400;\">A Secretaria de Estado de Sa\u00fade de Minas Gerais destaca que n\u00e3o h\u00e1 subnotifica\u00e7\u00e3o no estado relacionada a casos sintom\u00e1ticos e suspeitos de covid-19 que procuram atendimento ambulatorial. Conforme protocolo estabelecido pelo Minist\u00e9rio da Sa\u00fade, e seguido por todos os estados, s\u00e3o testados todos os casos suspeitos de coronav\u00edrus. A subnotifica\u00e7\u00e3o, como no mundo todo, pode ocorrer em pacientes assintom\u00e1ticos que n\u00e3o procuram atendimento hospitalar.<\/span><\/p>\n<p><span style=\"font-weight: 400;\">Em 2020, houve redu\u00e7\u00e3o de 8,53% de mortes em decorr\u00eancia de doen\u00e7as respirat\u00f3rias em Minas Gerais. Segundo os dados do portal da transpar\u00eancia dos Cart\u00f3rios de Registro Civil do pa\u00eds, de janeiro at\u00e9 a \u00faltima sexta-feira (22\/5), 40.537 \u00f3bitos foram registrados no estado. No mesmo per\u00edodo, em 2019, foram 44.318 mortes.<\/span><\/p>\n<p><span style=\"font-weight: 400;\">A plataforma considera como doen\u00e7as respirat\u00f3rias: covid-19, SRAG, pneumonia, insufici\u00eancia respirat\u00f3ria, septicemia, al\u00e9m de causas indeterminadas e demais \u00f3bitos. Todos esses casos s\u00e3o testados e verificados pela SES-MG para certificar se est\u00e3o relacionados \u00e0 infec\u00e7\u00e3o por coronav\u00edrus ou n\u00e3o.<\/span><\/p>\n<p><span style=\"font-weight: 400;\">Na coletiva, o secret\u00e1rio de Sa\u00fade, Carlos Eduardo Amaral, ressaltou que o padr\u00e3o de testagem e acompanhamento dos casos da covid-19 foi estabelecido desde que Minas Gerais e o Brasil foram identificados com transmiss\u00e3o comunit\u00e1ria. \u201cTodas as pessoas que procuram atendimento m\u00e9dico, e que estejam dentro desse padr\u00e3o estabelecido, ser\u00e3o testadas ou orientadas a colher material para o devido encaminhamento aos nossos laborat\u00f3rios\u201d, disse.<\/span><\/p>\n<p><span style=\"font-weight: 400;\">O subsecret\u00e1rio de Vigil\u00e2ncia em Sa\u00fade Dario Ramalho lembrou que, na l\u00f3gica de vigil\u00e2ncia, \u00e9 natural supor que h\u00e1 algum grau de subdetec\u00e7\u00e3o e subnotifica\u00e7\u00e3o para qualquer patologia e em qualquer momento. \u201cEm qualquer doen\u00e7a sempre v\u00e3o existir in\u00fameras pessoas que n\u00e3o teremos capacidade de ter o diagn\u00f3stico. No caso da covid-19, muitos indiv\u00edduos t\u00eam quadros leves e assintom\u00e1ticos e n\u00e3o passam por unidades de sa\u00fade, n\u00e3o realizam exames e n\u00e3o s\u00e3o detectados. Por isso a pandemia \u00e9 t\u00e3o desafiadora e t\u00e3o global para toda a sociedade\u201d, explica.<\/span><\/p>\n<p><b>SRAG<\/b><\/p>\n<p><span style=\"font-weight: 400;\">A SRAG pode estar relacionada a diversas doen\u00e7as, como c\u00e2ncer de pulm\u00e3o. Em rela\u00e7\u00e3o \u00e0 testagem, a realiza\u00e7\u00e3o para coleta de amostra \u00e9 indicada para os seguintes grupos:<\/span><\/p>\n<p><span style=\"font-weight: 400;\">a) Amostras provenientes de unidades sentinelas de S\u00edndrome Gripal (SG) e S\u00edndrome Respirat\u00f3ria Aguda Grave (SRAG);<\/span><\/p>\n<p><span style=\"font-weight: 400;\">b) TODOS os casos de SRAG hospitalizados;<\/span><\/p>\n<p><span style=\"font-weight: 400;\">c) TODOS os \u00f3bitos suspeitos;<\/span><\/p>\n<p><span style=\"font-weight: 400;\">d) Profissionais de Sa\u00fade sintom\u00e1ticos e profissionais da assist\u00eancia direta (neste caso, se dispon\u00edvel, priorizar teste r\u00e1pido);<\/span><\/p>\n<p><span style=\"font-weight: 400;\">e) Profissionais de Seguran\u00e7a P\u00fablica sintom\u00e1ticos (neste caso, se dispon\u00edvel, priorizar teste r\u00e1pido);<\/span><\/p>\n<p><span style=\"font-weight: 400;\">f) Por amostragem representativa (m\u00ednimo de 10% dos casos ou 3 coletas), nos surtos de s\u00edndrome gripal em locais fechados (ex: asilos, hospitais etc);<\/span><\/p>\n<p><span style=\"font-weight: 400;\">g) P\u00fablico privado de liberdade e adolescentes em cumprimento de medida restritiva ou privativa de liberdade, ambos sintom\u00e1ticos.<\/span><\/p>\n<p><span style=\"font-weight: 400;\">Considerando esse universo de pessoas testadas, a demanda atual de amostras encaminhadas para o diagn\u00f3stico da covid-19 n\u00e3o tem excedido a capacidade laboratorial do Estado de processar os exames. No entanto, um dos fatores que impede a amplia\u00e7\u00e3o da testagem para outros p\u00fablicos, no momento, \u00e9 a alta demanda para aquisi\u00e7\u00e3o dos materiais, em contexto de disputa internacional.<\/span><\/p>\n<p><b>Cloroquina<\/b><\/p>\n<p><span style=\"font-weight: 400;\">Questionados sobre o uso dos medicamentos cloroquina e hidroxicloroquina, o secret\u00e1rio e o subsecret\u00e1rio destacaram que foi desenvolvido um protocolo assistencial destinado aos profissionais de Sa\u00fade de Minas Gerais que adota essas subst\u00e2ncias para casos graves de covid-19, a partir de avalia\u00e7\u00e3o m\u00e9dica.\u00a0<\/span><\/p>\n<p><span style=\"font-weight: 400;\">Com a entrada do novo protocolo por parte do Minist\u00e9rio da Sa\u00fade, que prev\u00ea o uso tamb\u00e9m para casos leves da doen\u00e7a, Amaral informa que est\u00e1 sendo realizada uma avalia\u00e7\u00e3o do Centro de Opera\u00e7\u00f5es de Emerg\u00eancias em Sa\u00fade (Coes). \u201cEpidemiologistas, farmac\u00eauticos e enfermeiros est\u00e3o levantando na literatura e avaliando a realidade de Minas Gerais para saber qual seria o melhor protocolo a ser sugerido para o Estado\u201d, afirmou.<\/span><\/p>\n<p>&nbsp;<\/p>\n<p><strong>Fonte:<\/strong>\u00a0Ag\u00eancia Minas<\/p>\n","protected":false},"excerpt":{"rendered":"<p>O secret\u00e1rio de Estado de Sa\u00fade de Minas Gerais, Carlos Eduardo Amaral, e o subsecret\u00e1rio de Vigil\u00e2ncia em Sa\u00fade Dario Ramalho participaram de coletiva virtual na ter\u00e7a-feira (26), na Cidade Administrativa. Ao abordar o aumento dos casos de S\u00edndrome Respirat\u00f3ria Aguda Grave (SRAG), o secret\u00e1rio refor\u00e7ou que h\u00e1 in\u00fameras hip\u00f3teses para o crescimento e o [&hellip;]<\/p>\n","protected":false},"author":96,"featured_media":160095,"comment_status":"closed","ping_status":"closed","sticky":false,"template":"","format":"standard","meta":{"footnotes":""},"categories":[436,254,439],"tags":[],"class_list":["post-161100","post","type-post","status-publish","format-standard","has-post-thumbnail","hentry","category-destaque-da-semana","category-politica","category-ultima-hora"],"_links":{"self":[{"href":"https:\/\/diarioregionaldigital.com.br\/index.php?rest_route=\/wp\/v2\/posts\/161100","targetHints":{"allow":["GET"]}}],"collection":[{"href":"https:\/\/diarioregionaldigital.com.br\/index.php?rest_route=\/wp\/v2\/posts"}],"about":[{"href":"https:\/\/diarioregionaldigital.com.br\/index.php?rest_route=\/wp\/v2\/types\/post"}],"author":[{"embeddable":true,"href":"https:\/\/diarioregionaldigital.com.br\/index.php?rest_route=\/wp\/v2\/users\/96"}],"replies":[{"embeddable":true,"href":"https:\/\/diarioregionaldigital.com.br\/index.php?rest_route=%2Fwp%2Fv2%2Fcomments&post=161100"}],"version-history":[{"count":0,"href":"https:\/\/diarioregionaldigital.com.br\/index.php?rest_route=\/wp\/v2\/posts\/161100\/revisions"}],"wp:featuredmedia":[{"embeddable":true,"href":"https:\/\/diarioregionaldigital.com.br\/index.php?rest_route=\/wp\/v2\/media\/160095"}],"wp:attachment":[{"href":"https:\/\/diarioregionaldigital.com.br\/index.php?rest_route=%2Fwp%2Fv2%2Fmedia&parent=161100"}],"wp:term":[{"taxonomy":"category","embeddable":true,"href":"https:\/\/diarioregionaldigital.com.br\/index.php?rest_route=%2Fwp%2Fv2%2Fcategories&post=161100"},{"taxonomy":"post_tag","embeddable":true,"href":"https:\/\/diarioregionaldigital.com.br\/index.php?rest_route=%2Fwp%2Fv2%2Ftags&post=161100"}],"curies":[{"name":"wp","href":"https:\/\/api.w.org\/{rel}","templated":true}]}}