{"id":161097,"date":"2020-05-27T14:08:10","date_gmt":"2020-05-27T17:08:10","guid":{"rendered":"https:\/\/diarioregionaldigital.com.br\/?p=161097"},"modified":"2020-05-27T14:08:10","modified_gmt":"2020-05-27T17:08:10","slug":"brasil-perde-mais-de-860-mil-empregos-formais-em-abril","status":"publish","type":"post","link":"https:\/\/diarioregionaldigital.com.br\/?p=161097","title":{"rendered":"Brasil perde mais de 860 mil empregos formais em abril"},"content":{"rendered":"<p><span style=\"font-weight: 400;\">As demiss\u00f5es superaram as contrata\u00e7\u00f5es com carteira assinada em 860.503 postos de trabalho, em abril. Foram 1.459.099 desligamentos e 598.596 contrata\u00e7\u00f5es. Os dados do Cadastro Geral de Empregados e Desempregados (Caged) foram divulgados nessa quarta-feira (27). O saldo de abril foi o pior da s\u00e9rie hist\u00f3rica iniciada em 1992.<\/span><\/p>\n<p><span style=\"font-weight: 400;\">Segundo o Minist\u00e9rio da Economia, os dados mostram que a queda no n\u00famero de contrata\u00e7\u00f5es contribuiu de forma expressiva para o saldo negativo de empregos formais.<\/span><\/p>\n<p><span style=\"font-weight: 400;\">Enquanto as demiss\u00f5es tiveram um incremento de 17,2%, as admiss\u00f5es ca\u00edram 56,5% na compara\u00e7\u00e3o com abril de 2019. Em valores nominais, S\u00e3o Paulo teve o pior desempenho, com saldo negativo (mais demiss\u00f5es do que contrata\u00e7\u00f5es) de 260.902. O estado \u00e9 seguido por Minas Gerais com 88.298 demiss\u00f5es (descontadas as contrata\u00e7\u00f5es); Rio de Janeiro, 83.626, e Rio Grande do Sul, 74.686.<\/span><\/p>\n<p><span style=\"font-weight: 400;\">O secret\u00e1rio Especial de Previd\u00eancia e Trabalho do Minist\u00e9rio da Economia, Bruno Bianco, disse que o resultado reflete os efeitos da pandemia da covid-19 na economia brasileira. \u201c\u00c9 um n\u00famero duro, que reflete a realidade de pandemia que vivemos, mas que traz algo positivo. Demostra que o Brasil est\u00e1 conseguindo preservar emprego e renda. No entanto, pelos mesmos motivos de pandemia, n\u00e3o estamos conseguindo manter a contrata\u00e7\u00e3o que mant\u00ednhamos outrora\u201d, disse, acrecentando que na compara\u00e7\u00e3o com outros pa\u00edses, o Brasil est\u00e1 em situa\u00e7\u00e3o melhor. \u201cOs Estados Unidos est\u00e3o com mais de 35 milh\u00f5es de pedidos de seguro desemprego e o Brasil est\u00e1 chegando ao n\u00famero de 860.500 desempregados. Isso demostra a efetividade das medidas conduzidas pelo governo\u201d.<\/span><\/p>\n<p><span style=\"font-weight: 400;\">Em mar\u00e7o, m\u00eas de in\u00edcio das medidas de isolamento social devido \u00e0 pandemia da covid-19, o saldo de emprego formal ficou negativo de 207.401. Foram 1.316.655 admiss\u00f5es e 1.524.056 desligamentos.<\/span><\/p>\n<p><span style=\"font-weight: 400;\">De janeiro a abril de 2020 foram 4.999.981 admiss\u00f5es e 5.763.213 demiss\u00f5es no pa\u00eds, com resultado negativo de 763.232. As admiss\u00f5es ca\u00edram 9,6% e as demiss\u00f5es subiram 10,5% no per\u00edodo, comparado ao primeiro quadrimestre de 2019.<\/span><\/p>\n<p><span style=\"font-weight: 400;\">O sal\u00e1rio m\u00e9dio real de admiss\u00e3o no Brasil passou de R$ 1.496,92 em abril de 2019 para R$ 1.814,62 no m\u00eas passado.<\/span><\/p>\n<p><b>Manuten\u00e7\u00e3o de empregos<\/b><\/p>\n<p><span style=\"font-weight: 400;\">Desde 1\u00ba de abril, data da edi\u00e7\u00e3o pelo governo federal da Medida Provis\u00f3ria 936\/2020, que criou o Programa Emergencial de Preserva\u00e7\u00e3o do Emprego e da Renda, foram preservados mais de 8,1 milh\u00f5es de empregos no pa\u00eds, informou o Minist\u00e9rio da Economia. O programa prev\u00ea que os trabalhadores que tiverem jornada reduzida ou contrato suspenso e ainda aux\u00edlio emergencial para trabalhadores intermitentes com contrato de trabalho formalizado receber\u00e3o o Benef\u00edcio Emergencial de Preserva\u00e7\u00e3o da Renda e do Emprego (BEm).<\/span><\/p>\n<p><b>Mudan\u00e7as<\/b><\/p>\n<p><span style=\"font-weight: 400;\">\u00c9 a primeira divulga\u00e7\u00e3o do Caged ap\u00f3s o preenchimento de informa\u00e7\u00f5es da base de dados passar para o Sistema de Escritura\u00e7\u00e3o Fiscal Digital das Obriga\u00e7\u00f5es Fiscais Previdenci\u00e1rias e Trabalhistas (eSocial). Com a mudan\u00e7a, o cumprimento de 13 obriga\u00e7\u00f5es fiscais, previdenci\u00e1rias e trabalhistas fica centralizado em um s\u00f3 sistema.<\/span><\/p>\n<p><span style=\"font-weight: 400;\">Uma inova\u00e7\u00e3o do Caged \u00e9 o agrupamento de setores da economia. At\u00e9 dezembro passado, eram oito: com\u00e9rcio, servi\u00e7os industriais de utilidade P\u00fablica (SIUP), extrativa mineral, administra\u00e7\u00e3o p\u00fablica, agropecu\u00e1ria, constru\u00e7\u00e3o civil, ind\u00fastria de transforma\u00e7\u00e3o e servi\u00e7os.<\/span><\/p>\n<p><span style=\"font-weight: 400;\">Com a reformula\u00e7\u00e3o do Caged, os dados estar\u00e3o na mesma divis\u00e3o feita pelo Instituto Brasileiro de Geografia e Estat\u00edstica (IBGE). S\u00e3o eles: com\u00e9rcio, servi\u00e7os, ind\u00fastria geral, constru\u00e7\u00e3o civil e agricultura. No intervalo de janeiro a abril de 2020, a agricultura teve saldo positivo de 10.032 empregos, resultado de 275.464 contrata\u00e7\u00f5es e 265.432 demiss\u00f5es. O resultado da constru\u00e7\u00e3o civil ficou negativo em 21.837. Com\u00e9rcio teve saldo negativo de 342.748, servi\u00e7os resultado negativo de 280.716 e ind\u00fastria tamb\u00e9m negativo, em 127.886.<\/span><\/p>\n<p><b>Trabalho intermitente<\/b><\/p>\n<p><span style=\"font-weight: 400;\">A modalidade de trabalho intermitente teve, no per\u00edodo de janeiro a abril, 49.228 admiss\u00f5es e 35.105 demiss\u00f5es em 2020, o que resultou em saldo positivo 14.123. J\u00e1 o regime de trabalho parcial registrou 71.044 contrata\u00e7\u00f5es e 63.334 desligamentos, com resultado de positivo de 7.710 postos de trabalho com carteira assinada.<\/span><\/p>\n<p><span style=\"font-weight: 400;\">Somente no m\u00eas de abril, o trabalho intermitente chegou ao saldo negativo de 2.375, com 7.291 admiss\u00f5es e 9.666 demiss\u00f5es. No mesmo per\u00edodo, houve 4.881 contrata\u00e7\u00f5es e 14.029 desligamentos na modalidade de trabalho parcial, com saldo negativo de 9.148.<\/span><\/p>\n<p><b>Calend\u00e1rio<\/b><\/p>\n<p><span style=\"font-weight: 400;\">Ap\u00f3s a primeira divulga\u00e7\u00e3o do Novo Caged, o minist\u00e9rio definiu um calend\u00e1rio para os pr\u00f3ximos dados do emprego formal no pa\u00eds: as informa\u00e7\u00f5es de maio ser\u00e3o divulgadas no dia 29 de junho; em julho ser\u00e3o divulgados os dados de junho e assim por diante.<\/span><\/p>\n<p>&nbsp;<\/p>\n<p><strong>Fonte:<\/strong>\u00a0Ag\u00eancia Brasil<\/p>\n","protected":false},"excerpt":{"rendered":"<p>As demiss\u00f5es superaram as contrata\u00e7\u00f5es com carteira assinada em 860.503 postos de trabalho, em abril. Foram 1.459.099 desligamentos e 598.596 contrata\u00e7\u00f5es. Os dados do Cadastro Geral de Empregados e Desempregados (Caged) foram divulgados nessa quarta-feira (27). O saldo de abril foi o pior da s\u00e9rie hist\u00f3rica iniciada em 1992. Segundo o Minist\u00e9rio da Economia, os [&hellip;]<\/p>\n","protected":false},"author":96,"featured_media":161098,"comment_status":"closed","ping_status":"closed","sticky":false,"template":"","format":"standard","meta":{"footnotes":""},"categories":[436,261,439],"tags":[],"class_list":["post-161097","post","type-post","status-publish","format-standard","has-post-thumbnail","hentry","category-destaque-da-semana","category-economia","category-ultima-hora"],"_links":{"self":[{"href":"https:\/\/diarioregionaldigital.com.br\/index.php?rest_route=\/wp\/v2\/posts\/161097","targetHints":{"allow":["GET"]}}],"collection":[{"href":"https:\/\/diarioregionaldigital.com.br\/index.php?rest_route=\/wp\/v2\/posts"}],"about":[{"href":"https:\/\/diarioregionaldigital.com.br\/index.php?rest_route=\/wp\/v2\/types\/post"}],"author":[{"embeddable":true,"href":"https:\/\/diarioregionaldigital.com.br\/index.php?rest_route=\/wp\/v2\/users\/96"}],"replies":[{"embeddable":true,"href":"https:\/\/diarioregionaldigital.com.br\/index.php?rest_route=%2Fwp%2Fv2%2Fcomments&post=161097"}],"version-history":[{"count":0,"href":"https:\/\/diarioregionaldigital.com.br\/index.php?rest_route=\/wp\/v2\/posts\/161097\/revisions"}],"wp:featuredmedia":[{"embeddable":true,"href":"https:\/\/diarioregionaldigital.com.br\/index.php?rest_route=\/wp\/v2\/media\/161098"}],"wp:attachment":[{"href":"https:\/\/diarioregionaldigital.com.br\/index.php?rest_route=%2Fwp%2Fv2%2Fmedia&parent=161097"}],"wp:term":[{"taxonomy":"category","embeddable":true,"href":"https:\/\/diarioregionaldigital.com.br\/index.php?rest_route=%2Fwp%2Fv2%2Fcategories&post=161097"},{"taxonomy":"post_tag","embeddable":true,"href":"https:\/\/diarioregionaldigital.com.br\/index.php?rest_route=%2Fwp%2Fv2%2Ftags&post=161097"}],"curies":[{"name":"wp","href":"https:\/\/api.w.org\/{rel}","templated":true}]}}