{"id":161094,"date":"2020-05-27T14:02:27","date_gmt":"2020-05-27T17:02:27","guid":{"rendered":"https:\/\/diarioregionaldigital.com.br\/?p=161094"},"modified":"2020-05-27T14:02:27","modified_gmt":"2020-05-27T17:02:27","slug":"covid-19-intencao-de-consumo-das-familias-tem-maior-queda-em-10-anos","status":"publish","type":"post","link":"https:\/\/diarioregionaldigital.com.br\/?p=161094","title":{"rendered":"Covid-19: inten\u00e7\u00e3o de consumo das fam\u00edlias tem maior queda em 10 anos"},"content":{"rendered":"<p><span style=\"font-weight: 400;\">A Inten\u00e7\u00e3o de Consumo das Fam\u00edlias (ICF), medida pela Confedera\u00e7\u00e3o Nacional do Com\u00e9rcio de Bens, Servi\u00e7os e Turismo (CNC), recuou 13,1% na passagem de abril para maio deste ano. Essa foi a queda mais intensa do indicador desde o in\u00edcio da pesquisa, em janeiro de 2010.<\/span><\/p>\n<p><span style=\"font-weight: 400;\">De acordo com a CNC, o resultado foi influenciado pelos impactos econ\u00f4micos da pandemia do novo coronav\u00edrus (covid-19). Al\u00e9m disso, o \u00edndice caiu para 81,7 pontos e atingiu o menor patamar desde novembro de 2017, permanecendo abaixo do n\u00edvel de satisfa\u00e7\u00e3o (100 pontos), onde se encontra desde 2015. Em rela\u00e7\u00e3o a maio de 2019, a retra\u00e7\u00e3o foi ainda maior (-13,7%), a queda mais acentuada desde agosto de 2016.<\/span><\/p>\n<p><span style=\"font-weight: 400;\">Na compara\u00e7\u00e3o com abril deste ano, os sete componentes tiveram queda, com destaque para o momento para a compra de bens dur\u00e1veis (-22,7%). Na compara\u00e7\u00e3o com maio de 2019, o componente de acesso ao cr\u00e9dito foi o \u00fanico entre os sub\u00edndices que apresentou varia\u00e7\u00e3o anual positiva (5,4%). Entre os seis componentes em queda, o maior recuo tamb\u00e9m foi observado no momento para dur\u00e1veis (-21,4%).<\/span><\/p>\n<p>&nbsp;<\/p>\n<p><strong>Fonte:<\/strong>\u00a0Ag\u00eancia Brasil<\/p>\n","protected":false},"excerpt":{"rendered":"<p>A Inten\u00e7\u00e3o de Consumo das Fam\u00edlias (ICF), medida pela Confedera\u00e7\u00e3o Nacional do Com\u00e9rcio de Bens, Servi\u00e7os e Turismo (CNC), recuou 13,1% na passagem de abril para maio deste ano. Essa foi a queda mais intensa do indicador desde o in\u00edcio da pesquisa, em janeiro de 2010. De acordo com a CNC, o resultado foi influenciado [&hellip;]<\/p>\n","protected":false},"author":96,"featured_media":161095,"comment_status":"closed","ping_status":"closed","sticky":false,"template":"","format":"standard","meta":{"footnotes":""},"categories":[436,261,439],"tags":[],"class_list":["post-161094","post","type-post","status-publish","format-standard","has-post-thumbnail","hentry","category-destaque-da-semana","category-economia","category-ultima-hora"],"_links":{"self":[{"href":"https:\/\/diarioregionaldigital.com.br\/index.php?rest_route=\/wp\/v2\/posts\/161094","targetHints":{"allow":["GET"]}}],"collection":[{"href":"https:\/\/diarioregionaldigital.com.br\/index.php?rest_route=\/wp\/v2\/posts"}],"about":[{"href":"https:\/\/diarioregionaldigital.com.br\/index.php?rest_route=\/wp\/v2\/types\/post"}],"author":[{"embeddable":true,"href":"https:\/\/diarioregionaldigital.com.br\/index.php?rest_route=\/wp\/v2\/users\/96"}],"replies":[{"embeddable":true,"href":"https:\/\/diarioregionaldigital.com.br\/index.php?rest_route=%2Fwp%2Fv2%2Fcomments&post=161094"}],"version-history":[{"count":0,"href":"https:\/\/diarioregionaldigital.com.br\/index.php?rest_route=\/wp\/v2\/posts\/161094\/revisions"}],"wp:featuredmedia":[{"embeddable":true,"href":"https:\/\/diarioregionaldigital.com.br\/index.php?rest_route=\/wp\/v2\/media\/161095"}],"wp:attachment":[{"href":"https:\/\/diarioregionaldigital.com.br\/index.php?rest_route=%2Fwp%2Fv2%2Fmedia&parent=161094"}],"wp:term":[{"taxonomy":"category","embeddable":true,"href":"https:\/\/diarioregionaldigital.com.br\/index.php?rest_route=%2Fwp%2Fv2%2Fcategories&post=161094"},{"taxonomy":"post_tag","embeddable":true,"href":"https:\/\/diarioregionaldigital.com.br\/index.php?rest_route=%2Fwp%2Fv2%2Ftags&post=161094"}],"curies":[{"name":"wp","href":"https:\/\/api.w.org\/{rel}","templated":true}]}}