{"id":161092,"date":"2020-05-27T13:48:21","date_gmt":"2020-05-27T16:48:21","guid":{"rendered":"https:\/\/diarioregionaldigital.com.br\/?p=161092"},"modified":"2020-05-27T13:48:21","modified_gmt":"2020-05-27T16:48:21","slug":"governo-do-brasil-entrega-mais-de-mil-respiradores-pulmonares","status":"publish","type":"post","link":"https:\/\/diarioregionaldigital.com.br\/?p=161092","title":{"rendered":"Governo do Brasil entrega mais de mil respiradores pulmonares"},"content":{"rendered":"<p>O Governo do Brasil, por meio do Minist\u00e9rio da Sa\u00fade, realizou a entrega de 1.437 respiradores pulmonares para refor\u00e7ar a rede p\u00fablica de sa\u00fade no atendimento aos pacientes graves de COVID-19. Os equipamentos foram entregues entre os meses de abril e maio, em 17 estados: Alagoas (30), Amap\u00e1 (75), Amazonas (138), Cear\u00e1 (75), Esp\u00edrito Santo (10), Goi\u00e1s (25), Maranh\u00e3o (25), Par\u00e1 (170), Para\u00edba (70), Paran\u00e1 (20), Pernambuco (85), Rio Grande do Norte (80), Rio de Janeiro (337), Rond\u00f4nia (25), Santa Catarina (17), S\u00e3o Paulo (170) e Sergipe (30). A distribui\u00e7\u00e3o dos respiradores pulmonares para os munic\u00edpios e unidades de sa\u00fade \u00e9 de responsabilidade de cada estado, conforme planejamento local. O Minist\u00e9rio da Sa\u00fade tamb\u00e9m entregou 55 respiradores ao Minist\u00e9rio da Defesa, para refor\u00e7o das unidades de sa\u00fade das For\u00e7as Armadas.<\/p>\n<p>Somente no final de semana, entre os dias 23 e 24 de maio, foram entregues 576 equipamentos, sendo 190 respiradores de UTI e 386 respiradores de transporte, que tamb\u00e9m podem ser usados em leitos de cuidados intensivos. Esse refor\u00e7o do Governo do Brasil contemplou oito estados: Alagoas (30), Amap\u00e1 (30), Par\u00e1 (40), Para\u00edba (30), Rio de Janeiro (151), Rio Grande do Norte (80), S\u00e3o Paulo (150) e Sergipe (30), al\u00e9m de unidades de sa\u00fade das For\u00e7as Armadas (35).<\/p>\n<p>A compra e distribui\u00e7\u00e3o dos respiradores \u00e9 parte do apoio estrat\u00e9gico do Governo do Brasil no atendimento aos estados. As entregas levam em conta a capacidade instalada da rede de assist\u00eancia em sa\u00fade p\u00fablica, principalmente nos locais onde a transmiss\u00e3o est\u00e1 se dando em maior velocidade.<\/p>\n<p>A aquisi\u00e7\u00e3o destes equipamentos \u00e9 de responsabilidade dos estados e munic\u00edpios. Mas, diante do cen\u00e1rio de emerg\u00eancia em sa\u00fade p\u00fablica, por conta da pandemia do coronav\u00edrus, o Minist\u00e9rio da Sa\u00fade utilizou o seu poder de compra em apoio irrestrito aos gestores locais do Sistema \u00danico de Sa\u00fade (SUS). \u201cVivemos uma crise mundial de materiais hospitalares, particularmente de respiradores. Temos, de maneira \u00e1gil, buscado solu\u00e7\u00f5es para a aquisi\u00e7\u00e3o desses materiais e equipamentos para refor\u00e7ar a estrutura de assist\u00eancia hospitalar dos estados\u201d, destacou o secret\u00e1rio-executivo substituto, \u00c9lcio Ramos.<\/p>\n<p>O Minist\u00e9rio da Sa\u00fade assinou quatro contratos com empresas brasileiras para a produ\u00e7\u00e3o de 15.300 respiradores, sendo: 6.500 com a Magnamed, no valor de R$ 322,5 milh\u00f5es; 4.300 com a Intermed, no valor de R$ 258 milh\u00f5es; 3.300 com a KTK, no valor de R$ 78 milh\u00f5es; e 1.202 com a empresa Leistung, no valor de R$ 72 milh\u00f5es, para fornecimento de equipamentos no per\u00edodo de tr\u00eas meses (90 dias). O esfor\u00e7o brasileiro na aquisi\u00e7\u00e3o destes itens envolve mais de 15 institui\u00e7\u00f5es, entre fabricantes processadores, institui\u00e7\u00f5es financeiras e empresas de alta tecnologia, entre outras. A distribui\u00e7\u00e3o dos equipamentos tem ocorrido conforme a capacidade de produ\u00e7\u00e3o da ind\u00fastria nacional, que depende de algumas pe\u00e7as que s\u00e3o importadas.<\/p>\n<p><strong>A\u00e7\u00e3o interminesterial<\/strong><\/p>\n<p>Uma parceria entre o Minist\u00e9rio da Sa\u00fade e os minist\u00e9rios da Economia e Ci\u00eancia e Tecnologia, al\u00e9m da Ag\u00eancia Brasileira de Desenvolvimento Industrial (ABDI), realizou um mapeamento do parque industrial nacional, quando foram identificadas as capacidades de cada setor para o fornecimento de respiradores pulmonares. Nesse mapeamento, encontrou-se empresas que tinham escala pequena de produ\u00e7\u00e3o, mas que tinham expertise e outras que poderiam contribuir para expandir as entregas em um menor espa\u00e7o de tempo poss\u00edvel.<\/p>\n<p>O projeto ainda envolve o Minist\u00e9rio das Rela\u00e7\u00f5es Exteriores, para prioriza\u00e7\u00e3o de recebimento de pe\u00e7as, o Minist\u00e9rio da Justi\u00e7a, para escoltas e seguran\u00e7a da distribui\u00e7\u00e3o de equipamentos e insumos, e o Minist\u00e9rio da Defesa, que fornece armaz\u00e9ns nas capitais para estoque de materiais e a log\u00edstica de distribui\u00e7\u00e3o para o pa\u00eds, por meio da For\u00e7a A\u00e9rea Brasileira (FAB), quando necess\u00e1rio.<\/p>\n<p>No in\u00edcio da pandemia, o Brasil contava com 65.411 respiradores pulmonares, sendo que 46.663 estavam dispon\u00edveis no SUS. Al\u00e9m da aquisi\u00e7\u00e3o de respiradores, o Minist\u00e9rio da Sa\u00fade j\u00e1 habilitou 6.344 leitos de UTI em todo o Brasil, sendo 231 de UTI pedi\u00e1trica, para atendimento exclusivo a pacientes com coronav\u00edrus e adquiriu 340 leitos de UTI volantes, que s\u00e3o de instala\u00e7\u00e3o r\u00e1pida, para fortalecer a rede hospitalar em sa\u00fade. Cada um destes leitos conta com um respirador.<\/p>\n<p>&nbsp;<\/p>\n<p><strong>Fonte:\u00a0<\/strong>Assessoria<\/p>\n","protected":false},"excerpt":{"rendered":"<p>O Governo do Brasil, por meio do Minist\u00e9rio da Sa\u00fade, realizou a entrega de 1.437 respiradores pulmonares para refor\u00e7ar a rede p\u00fablica de sa\u00fade no atendimento aos pacientes graves de COVID-19. Os equipamentos foram entregues entre os meses de abril e maio, em 17 estados: Alagoas (30), Amap\u00e1 (75), Amazonas (138), Cear\u00e1 (75), Esp\u00edrito Santo [&hellip;]<\/p>\n","protected":false},"author":96,"featured_media":158411,"comment_status":"closed","ping_status":"closed","sticky":false,"template":"","format":"standard","meta":{"footnotes":""},"categories":[302,436,439],"tags":[],"class_list":["post-161092","post","type-post","status-publish","format-standard","has-post-thumbnail","hentry","category-brasil-mundo","category-destaque-da-semana","category-ultima-hora"],"_links":{"self":[{"href":"https:\/\/diarioregionaldigital.com.br\/index.php?rest_route=\/wp\/v2\/posts\/161092","targetHints":{"allow":["GET"]}}],"collection":[{"href":"https:\/\/diarioregionaldigital.com.br\/index.php?rest_route=\/wp\/v2\/posts"}],"about":[{"href":"https:\/\/diarioregionaldigital.com.br\/index.php?rest_route=\/wp\/v2\/types\/post"}],"author":[{"embeddable":true,"href":"https:\/\/diarioregionaldigital.com.br\/index.php?rest_route=\/wp\/v2\/users\/96"}],"replies":[{"embeddable":true,"href":"https:\/\/diarioregionaldigital.com.br\/index.php?rest_route=%2Fwp%2Fv2%2Fcomments&post=161092"}],"version-history":[{"count":0,"href":"https:\/\/diarioregionaldigital.com.br\/index.php?rest_route=\/wp\/v2\/posts\/161092\/revisions"}],"wp:featuredmedia":[{"embeddable":true,"href":"https:\/\/diarioregionaldigital.com.br\/index.php?rest_route=\/wp\/v2\/media\/158411"}],"wp:attachment":[{"href":"https:\/\/diarioregionaldigital.com.br\/index.php?rest_route=%2Fwp%2Fv2%2Fmedia&parent=161092"}],"wp:term":[{"taxonomy":"category","embeddable":true,"href":"https:\/\/diarioregionaldigital.com.br\/index.php?rest_route=%2Fwp%2Fv2%2Fcategories&post=161092"},{"taxonomy":"post_tag","embeddable":true,"href":"https:\/\/diarioregionaldigital.com.br\/index.php?rest_route=%2Fwp%2Fv2%2Ftags&post=161092"}],"curies":[{"name":"wp","href":"https:\/\/api.w.org\/{rel}","templated":true}]}}