{"id":161089,"date":"2020-05-27T13:27:04","date_gmt":"2020-05-27T16:27:04","guid":{"rendered":"https:\/\/diarioregionaldigital.com.br\/?p=161089"},"modified":"2020-05-27T13:27:04","modified_gmt":"2020-05-27T16:27:04","slug":"covid-19-minas-gerais-chega-a-240-mortes-confirmadas","status":"publish","type":"post","link":"https:\/\/diarioregionaldigital.com.br\/?p=161089","title":{"rendered":"Covid-19: Minas Gerais chega a 240 mortes confirmadas"},"content":{"rendered":"<p>O\u00a0boletim epidemiol\u00f3gico\u00a0divulgado nesta quarta-feira (27) pela Secretaria de Estado da Sa\u00fade de Minas Gerais (SES-MG), confirma que o estado obteve mais seis \u00f3bitos confirmados por Coronav\u00edrus, totalizando 240. Segundo o levantamento,\u00a0 as mortes foram confirmadas em: Muria\u00e9 (idoso de 68 anos), Ipatinga (idoso de 70 anos), Te\u00f3filo Otoni (idosa de 68 e idoso de 77 anos), Nanuque (idoso de 84 anos) e uma mulher de 48 anos mas sem naturalidade informada. Al\u00e9m disso, foram confirmados quase 500 novos casos, totalizando 8.011 ao todo. Conforme o levantamento, 3.855 pacientes est\u00e3o recuperados da doen\u00e7a, representando 48,12% dos casos.<\/p>\n<p>Al\u00e9m disso, foram feitos 20.700 testes laboratoriais, sendo que 1.433 deram resultado positivo, 18.414 deram negativo para Coronav\u00edrus e 662 est\u00e3o sob an\u00e1lise.<\/p>\n<p>Os\u00a0dados atualizados\u00a0referentes a \u00f3bitos confirmados em Minas Gerais podem ser conferidos no anexo abaixo.<\/p>\n<p><a href=\"https:\/\/diarioregionaldigital.com.br\/wp-content\/uploads\/2020\/05\/OBITOS_CONF_COVID-19_MG_27.05.2020.xls\">OBITOS_CONF_COVID-19_MG_27.05.2020<\/a><\/p>\n","protected":false},"excerpt":{"rendered":"<p>O\u00a0boletim epidemiol\u00f3gico\u00a0divulgado nesta quarta-feira (27) pela Secretaria de Estado da Sa\u00fade de Minas Gerais (SES-MG), confirma que o estado obteve mais seis \u00f3bitos confirmados por Coronav\u00edrus, totalizando 240. Segundo o levantamento,\u00a0 as mortes foram confirmadas em: Muria\u00e9 (idoso de 68 anos), Ipatinga (idoso de 70 anos), Te\u00f3filo Otoni (idosa de 68 e idoso de 77 [&hellip;]<\/p>\n","protected":false},"author":96,"featured_media":158803,"comment_status":"closed","ping_status":"closed","sticky":false,"template":"","format":"standard","meta":{"footnotes":""},"categories":[436,440,252,439],"tags":[],"class_list":["post-161089","post","type-post","status-publish","format-standard","has-post-thumbnail","hentry","category-destaque-da-semana","category-destaques-do-dia","category-regiao","category-ultima-hora"],"_links":{"self":[{"href":"https:\/\/diarioregionaldigital.com.br\/index.php?rest_route=\/wp\/v2\/posts\/161089","targetHints":{"allow":["GET"]}}],"collection":[{"href":"https:\/\/diarioregionaldigital.com.br\/index.php?rest_route=\/wp\/v2\/posts"}],"about":[{"href":"https:\/\/diarioregionaldigital.com.br\/index.php?rest_route=\/wp\/v2\/types\/post"}],"author":[{"embeddable":true,"href":"https:\/\/diarioregionaldigital.com.br\/index.php?rest_route=\/wp\/v2\/users\/96"}],"replies":[{"embeddable":true,"href":"https:\/\/diarioregionaldigital.com.br\/index.php?rest_route=%2Fwp%2Fv2%2Fcomments&post=161089"}],"version-history":[{"count":0,"href":"https:\/\/diarioregionaldigital.com.br\/index.php?rest_route=\/wp\/v2\/posts\/161089\/revisions"}],"wp:featuredmedia":[{"embeddable":true,"href":"https:\/\/diarioregionaldigital.com.br\/index.php?rest_route=\/wp\/v2\/media\/158803"}],"wp:attachment":[{"href":"https:\/\/diarioregionaldigital.com.br\/index.php?rest_route=%2Fwp%2Fv2%2Fmedia&parent=161089"}],"wp:term":[{"taxonomy":"category","embeddable":true,"href":"https:\/\/diarioregionaldigital.com.br\/index.php?rest_route=%2Fwp%2Fv2%2Fcategories&post=161089"},{"taxonomy":"post_tag","embeddable":true,"href":"https:\/\/diarioregionaldigital.com.br\/index.php?rest_route=%2Fwp%2Fv2%2Ftags&post=161089"}],"curies":[{"name":"wp","href":"https:\/\/api.w.org\/{rel}","templated":true}]}}