{"id":161072,"date":"2020-05-27T06:00:43","date_gmt":"2020-05-27T09:00:43","guid":{"rendered":"https:\/\/diarioregionaldigital.com.br\/?p=161072"},"modified":"2020-05-26T23:14:57","modified_gmt":"2020-05-27T02:14:57","slug":"moda-3","status":"publish","type":"post","link":"https:\/\/diarioregionaldigital.com.br\/?p=161072","title":{"rendered":"Moda"},"content":{"rendered":"<p style=\"text-align: center;\"><strong>Humanidade<\/strong><\/p>\n<p style=\"text-align: center;\">Convictos de seu papel na sociedade, alunos e professores de hist\u00f3ria da UFJF est\u00e3o em tempo real na campanha Hist\u00f3ria Solid\u00e1ria onde cada alimentos e materiais de limpeza para doa\u00e7\u00e3o. Os produtos ser\u00e3o encaminhados ao Lar de Idosos Santa Luiz a de Marillac, al\u00e9m de fam\u00edlias em situa\u00e7\u00e3o de vulnerabilidade social.<\/p>\n<p style=\"text-align: center;\"><strong>Moda<\/strong><\/p>\n<p style=\"text-align: center;\">Mesmo diante de tantas incertezas , este colunista est\u00e1 atento ao que vem por a\u00ed. A moda \u00e9 um reflexo da sociedade. Sendo assim se as condi\u00e7\u00f5es mudam, a ind\u00fastria e as formas de consumir tamb\u00e9m ser\u00e3o transformadas. As pessoas v\u00e3o buscar etiquetas que tenham valores consolidados e presen\u00e7a em projetos alinhados com essas diretrizes.<\/p>\n<p style=\"text-align: center;\"><strong>Doa\u00e7\u00f5es<\/strong><\/p>\n<p style=\"text-align: center;\">Em tempo de solidariedade a Faculdade de Ci\u00eancias M\u00e9dicas e da Sa\u00fade de Juiz de Fora (Suprema) fez bonito. Fez doa\u00e7\u00e3o de 400 cestas b\u00e1sicas e 55 litros de \u00e1lcool 70% glicerinado para a Prefeitura de Juiz de Fora. As cestas s\u00e3o destinadas a cerca de 50 fam\u00edlias atendidas nas Unidades B\u00e1sicas de Sa\u00fade (UBS\u2019s) de bairros da cidade.<\/p>\n<p style=\"text-align: center;\"><strong>Efeito Pandemia<\/strong><\/p>\n<p style=\"text-align: center;\">Dentre muitos eventos cancelados devido a pandemia do Coronav\u00edrus, a Fiemg e o Sebrae suspenderam a realiza\u00e7\u00e3o da 17\u00aa Minascon, prevista para 16 a 18 de setembro. A feira anualmente re\u00fane profissionais das \u00e1reas de engenharia, arquitetura, fornecedores, acad\u00eamicos e interessados no setor da constru\u00e7\u00e3o. A decis\u00e3o foi tomada de forma s\u00e9ria pautada na preserva\u00e7\u00e3o da sa\u00fade e do bem-estar dos participantes diante da pandemia.<\/p>\n<p style=\"text-align: center;\"><strong>Para Refletir<\/strong><\/p>\n<p style=\"text-align: center;\">E pensar que teve uma \u00e9poca que a gente comia um bolo depois de algu\u00e9m ter soprado em cima dele. Nos dias atuais o bolo \u00e9 cenogr\u00e1fico.<\/p>\n<div id=\"attachment_161062\" style=\"width: 690px\" class=\"wp-caption aligncenter\"><img loading=\"lazy\" decoding=\"async\" aria-describedby=\"caption-attachment-161062\" class=\"wp-image-161062\" src=\"https:\/\/diarioregionaldigital.com.br\/wp-content\/uploads\/2020\/05\/fotoa-17-e1590543712700.jpg\" alt=\"\" width=\"680\" height=\"485\" srcset=\"https:\/\/diarioregionaldigital.com.br\/wp-content\/uploads\/2020\/05\/fotoa-17-e1590543712700.jpg 1007w, https:\/\/diarioregionaldigital.com.br\/wp-content\/uploads\/2020\/05\/fotoa-17-e1590543712700-300x214.jpg 300w, https:\/\/diarioregionaldigital.com.br\/wp-content\/uploads\/2020\/05\/fotoa-17-e1590543712700-768x548.jpg 768w, https:\/\/diarioregionaldigital.com.br\/wp-content\/uploads\/2020\/05\/fotoa-17-e1590543712700-360x257.jpg 360w, https:\/\/diarioregionaldigital.com.br\/wp-content\/uploads\/2020\/05\/fotoa-17-e1590543712700-100x70.jpg 100w\" sizes=\"auto, (max-width: 680px) 100vw, 680px\" \/><p id=\"caption-attachment-161062\" class=\"wp-caption-text\">Nova gera\u00e7\u00e3o saud\u00e1vel, Gabriel Bertolini em foco especial para esta coluna<\/p><\/div>\n<div id=\"attachment_161063\" style=\"width: 690px\" class=\"wp-caption aligncenter\"><img loading=\"lazy\" decoding=\"async\" aria-describedby=\"caption-attachment-161063\" class=\"wp-image-161063\" src=\"https:\/\/diarioregionaldigital.com.br\/wp-content\/uploads\/2020\/05\/fotoaa-5-e1590543769774.jpg\" alt=\"\" width=\"680\" height=\"481\" srcset=\"https:\/\/diarioregionaldigital.com.br\/wp-content\/uploads\/2020\/05\/fotoaa-5-e1590543769774.jpg 1013w, https:\/\/diarioregionaldigital.com.br\/wp-content\/uploads\/2020\/05\/fotoaa-5-e1590543769774-300x212.jpg 300w, https:\/\/diarioregionaldigital.com.br\/wp-content\/uploads\/2020\/05\/fotoaa-5-e1590543769774-768x544.jpg 768w, https:\/\/diarioregionaldigital.com.br\/wp-content\/uploads\/2020\/05\/fotoaa-5-e1590543769774-750x530.jpg 750w, https:\/\/diarioregionaldigital.com.br\/wp-content\/uploads\/2020\/05\/fotoaa-5-e1590543769774-360x255.jpg 360w, https:\/\/diarioregionaldigital.com.br\/wp-content\/uploads\/2020\/05\/fotoaa-5-e1590543769774-100x70.jpg 100w\" sizes=\"auto, (max-width: 680px) 100vw, 680px\" \/><p id=\"caption-attachment-161063\" class=\"wp-caption-text\">Rose Oliveira com Fil\u00f3 e Crystal vendo o p\u00f4r do sol no Mirante em Juiz de Fora<\/p><\/div>\n<div id=\"attachment_161064\" style=\"width: 690px\" class=\"wp-caption aligncenter\"><img loading=\"lazy\" decoding=\"async\" aria-describedby=\"caption-attachment-161064\" class=\"wp-image-161064\" src=\"https:\/\/diarioregionaldigital.com.br\/wp-content\/uploads\/2020\/05\/fotob-17-e1590543797489.jpg\" alt=\"\" width=\"680\" height=\"516\" srcset=\"https:\/\/diarioregionaldigital.com.br\/wp-content\/uploads\/2020\/05\/fotob-17-e1590543797489.jpg 1606w, https:\/\/diarioregionaldigital.com.br\/wp-content\/uploads\/2020\/05\/fotob-17-e1590543797489-300x228.jpg 300w, https:\/\/diarioregionaldigital.com.br\/wp-content\/uploads\/2020\/05\/fotob-17-e1590543797489-768x583.jpg 768w, https:\/\/diarioregionaldigital.com.br\/wp-content\/uploads\/2020\/05\/fotob-17-e1590543797489-1024x777.jpg 1024w, https:\/\/diarioregionaldigital.com.br\/wp-content\/uploads\/2020\/05\/fotob-17-e1590543797489-360x273.jpg 360w\" sizes=\"auto, (max-width: 680px) 100vw, 680px\" \/><p id=\"caption-attachment-161064\" class=\"wp-caption-text\">Muitas luzes para o close do modelo Christopher Henrique<\/p><\/div>\n<div id=\"attachment_161065\" style=\"width: 690px\" class=\"wp-caption aligncenter\"><img loading=\"lazy\" decoding=\"async\" aria-describedby=\"caption-attachment-161065\" class=\"wp-image-161065\" src=\"https:\/\/diarioregionaldigital.com.br\/wp-content\/uploads\/2020\/05\/fotoc-15-e1590543836661.jpg\" alt=\"\" width=\"680\" height=\"512\" srcset=\"https:\/\/diarioregionaldigital.com.br\/wp-content\/uploads\/2020\/05\/fotoc-15-e1590543836661.jpg 717w, https:\/\/diarioregionaldigital.com.br\/wp-content\/uploads\/2020\/05\/fotoc-15-e1590543836661-300x226.jpg 300w, https:\/\/diarioregionaldigital.com.br\/wp-content\/uploads\/2020\/05\/fotoc-15-e1590543836661-360x271.jpg 360w\" sizes=\"auto, (max-width: 680px) 100vw, 680px\" \/><p id=\"caption-attachment-161065\" class=\"wp-caption-text\">Irradiando alto astral, a bonita jovem senhora Elizabeth Sanrtini<\/p><\/div>\n<div id=\"attachment_161066\" style=\"width: 690px\" class=\"wp-caption aligncenter\"><img loading=\"lazy\" decoding=\"async\" aria-describedby=\"caption-attachment-161066\" class=\"wp-image-161066\" src=\"https:\/\/diarioregionaldigital.com.br\/wp-content\/uploads\/2020\/05\/fotod-16-e1590543885909.jpg\" alt=\"\" width=\"680\" height=\"470\" srcset=\"https:\/\/diarioregionaldigital.com.br\/wp-content\/uploads\/2020\/05\/fotod-16-e1590543885909.jpg 710w, https:\/\/diarioregionaldigital.com.br\/wp-content\/uploads\/2020\/05\/fotod-16-e1590543885909-300x207.jpg 300w, https:\/\/diarioregionaldigital.com.br\/wp-content\/uploads\/2020\/05\/fotod-16-e1590543885909-360x249.jpg 360w, https:\/\/diarioregionaldigital.com.br\/wp-content\/uploads\/2020\/05\/fotod-16-e1590543885909-100x70.jpg 100w\" sizes=\"auto, (max-width: 680px) 100vw, 680px\" \/><p id=\"caption-attachment-161066\" class=\"wp-caption-text\">Palmas para os eletrizantes Dj\u2019s, Vin\u00edcius Shimitz, Renata Hirschberg e Marcos Schimitz<\/p><\/div>\n<div id=\"attachment_161067\" style=\"width: 690px\" class=\"wp-caption aligncenter\"><img loading=\"lazy\" decoding=\"async\" aria-describedby=\"caption-attachment-161067\" class=\"wp-image-161067\" src=\"https:\/\/diarioregionaldigital.com.br\/wp-content\/uploads\/2020\/05\/fotoe-15-e1590543933951.jpg\" alt=\"\" width=\"680\" height=\"470\" srcset=\"https:\/\/diarioregionaldigital.com.br\/wp-content\/uploads\/2020\/05\/fotoe-15-e1590543933951.jpg 1874w, https:\/\/diarioregionaldigital.com.br\/wp-content\/uploads\/2020\/05\/fotoe-15-e1590543933951-300x207.jpg 300w, https:\/\/diarioregionaldigital.com.br\/wp-content\/uploads\/2020\/05\/fotoe-15-e1590543933951-768x531.jpg 768w, https:\/\/diarioregionaldigital.com.br\/wp-content\/uploads\/2020\/05\/fotoe-15-e1590543933951-1024x708.jpg 1024w, https:\/\/diarioregionaldigital.com.br\/wp-content\/uploads\/2020\/05\/fotoe-15-e1590543933951-360x249.jpg 360w, https:\/\/diarioregionaldigital.com.br\/wp-content\/uploads\/2020\/05\/fotoe-15-e1590543933951-100x70.jpg 100w\" sizes=\"auto, (max-width: 680px) 100vw, 680px\" \/><p id=\"caption-attachment-161067\" class=\"wp-caption-text\">No Itanhanga Golf Club (Rio), os lindos: Deborah Manfroi, Alessandra Amral e Mark Sebastian Neumann<\/p><\/div>\n<div id=\"attachment_161068\" style=\"width: 690px\" class=\"wp-caption aligncenter\"><img loading=\"lazy\" decoding=\"async\" aria-describedby=\"caption-attachment-161068\" class=\"wp-image-161068\" src=\"https:\/\/diarioregionaldigital.com.br\/wp-content\/uploads\/2020\/05\/fotof-14-e1590543990394.jpg\" alt=\"\" width=\"680\" height=\"476\" srcset=\"https:\/\/diarioregionaldigital.com.br\/wp-content\/uploads\/2020\/05\/fotof-14-e1590543990394.jpg 1042w, https:\/\/diarioregionaldigital.com.br\/wp-content\/uploads\/2020\/05\/fotof-14-e1590543990394-300x210.jpg 300w, https:\/\/diarioregionaldigital.com.br\/wp-content\/uploads\/2020\/05\/fotof-14-e1590543990394-768x537.jpg 768w, https:\/\/diarioregionaldigital.com.br\/wp-content\/uploads\/2020\/05\/fotof-14-e1590543990394-1024x716.jpg 1024w, https:\/\/diarioregionaldigital.com.br\/wp-content\/uploads\/2020\/05\/fotof-14-e1590543990394-360x252.jpg 360w, https:\/\/diarioregionaldigital.com.br\/wp-content\/uploads\/2020\/05\/fotof-14-e1590543990394-100x70.jpg 100w\" sizes=\"auto, (max-width: 680px) 100vw, 680px\" \/><p id=\"caption-attachment-161068\" class=\"wp-caption-text\">Amigos no passado em Veneza: Dalmo Brito, Celinho Vidal e Marcelo Amoroso<\/p><\/div>\n<div id=\"attachment_161069\" style=\"width: 690px\" class=\"wp-caption aligncenter\"><img loading=\"lazy\" decoding=\"async\" aria-describedby=\"caption-attachment-161069\" class=\"wp-image-161069\" src=\"https:\/\/diarioregionaldigital.com.br\/wp-content\/uploads\/2020\/05\/fotog-13-e1590544055554.jpg\" alt=\"\" width=\"680\" height=\"600\" srcset=\"https:\/\/diarioregionaldigital.com.br\/wp-content\/uploads\/2020\/05\/fotog-13-e1590544055554.jpg 1541w, https:\/\/diarioregionaldigital.com.br\/wp-content\/uploads\/2020\/05\/fotog-13-e1590544055554-300x265.jpg 300w, https:\/\/diarioregionaldigital.com.br\/wp-content\/uploads\/2020\/05\/fotog-13-e1590544055554-768x678.jpg 768w, https:\/\/diarioregionaldigital.com.br\/wp-content\/uploads\/2020\/05\/fotog-13-e1590544055554-1024x904.jpg 1024w, https:\/\/diarioregionaldigital.com.br\/wp-content\/uploads\/2020\/05\/fotog-13-e1590544055554-360x318.jpg 360w, https:\/\/diarioregionaldigital.com.br\/wp-content\/uploads\/2020\/05\/fotog-13-e1590544055554-555x490.jpg 555w\" sizes=\"auto, (max-width: 680px) 100vw, 680px\" \/><p id=\"caption-attachment-161069\" class=\"wp-caption-text\">Em cena carinho, Miguel Guedes e Guimar\u00e3es e seu pai Hiata Anderson<\/p><\/div>\n<div id=\"attachment_161070\" style=\"width: 690px\" class=\"wp-caption aligncenter\"><img loading=\"lazy\" decoding=\"async\" aria-describedby=\"caption-attachment-161070\" class=\"wp-image-161070\" src=\"https:\/\/diarioregionaldigital.com.br\/wp-content\/uploads\/2020\/05\/fotoh-12-e1590544086856.jpg\" alt=\"\" width=\"680\" height=\"483\" srcset=\"https:\/\/diarioregionaldigital.com.br\/wp-content\/uploads\/2020\/05\/fotoh-12-e1590544086856.jpg 712w, https:\/\/diarioregionaldigital.com.br\/wp-content\/uploads\/2020\/05\/fotoh-12-e1590544086856-300x213.jpg 300w, https:\/\/diarioregionaldigital.com.br\/wp-content\/uploads\/2020\/05\/fotoh-12-e1590544086856-360x256.jpg 360w, https:\/\/diarioregionaldigital.com.br\/wp-content\/uploads\/2020\/05\/fotoh-12-e1590544086856-100x70.jpg 100w\" sizes=\"auto, (max-width: 680px) 100vw, 680px\" \/><p id=\"caption-attachment-161070\" class=\"wp-caption-text\">Curtindo a natureza, Jo\u00e3o Cl\u00e1udio David e o filho fisioterapeuta Ramon David<\/p><\/div>\n<div id=\"attachment_161071\" style=\"width: 690px\" class=\"wp-caption aligncenter\"><img loading=\"lazy\" decoding=\"async\" aria-describedby=\"caption-attachment-161071\" class=\"wp-image-161071\" src=\"https:\/\/diarioregionaldigital.com.br\/wp-content\/uploads\/2020\/05\/fotoi-7-e1590544135271.jpg\" alt=\"\" width=\"680\" height=\"462\" srcset=\"https:\/\/diarioregionaldigital.com.br\/wp-content\/uploads\/2020\/05\/fotoi-7-e1590544135271.jpg 1188w, https:\/\/diarioregionaldigital.com.br\/wp-content\/uploads\/2020\/05\/fotoi-7-e1590544135271-300x204.jpg 300w, https:\/\/diarioregionaldigital.com.br\/wp-content\/uploads\/2020\/05\/fotoi-7-e1590544135271-768x522.jpg 768w, https:\/\/diarioregionaldigital.com.br\/wp-content\/uploads\/2020\/05\/fotoi-7-e1590544135271-1024x696.jpg 1024w, https:\/\/diarioregionaldigital.com.br\/wp-content\/uploads\/2020\/05\/fotoi-7-e1590544135271-360x245.jpg 360w\" sizes=\"auto, (max-width: 680px) 100vw, 680px\" \/><p id=\"caption-attachment-161071\" class=\"wp-caption-text\">Homens de bem fazendo solidariedade: F\u00e1bio Alberto de Paula e S\u00e9rgio F\u00e9lix (Sinteac)<\/p><\/div>\n<p style=\"text-align: center;\"><strong>FOTOSS\u00cdNTESE<\/strong><\/p>\n<p>Juliano Rodrigues, Ot\u00e1vio Schettino e Fl\u00e1vio Guimar\u00e3es l\u00edderes do Clube de Permuta de Juiz de Fora, lan\u00e7aram a campanha \u201cPermuta que salva\u201d. Os estabelecimentos educacionais e de sa\u00fade receberam R$ 1 milh\u00e3o em servi\u00e7os e produtos, onde o clube est\u00e1 presente.<\/p>\n<p>Aten\u00e7\u00e3o: \u201cH\u00e1 um mundo em transforma\u00e7\u00e3o e voc\u00ea deve saber como conduzir essa nova ordem\u201d. Esse foi o tema da confer\u00eancia on-line do advogado Luiz Binato no Instagram do Dr. Frederico Binato.<\/p>\n<p>O artista pl\u00e1stico juiz-forano Petrillo est\u00e1 com tudo e n\u00e3o est\u00e1 prosa. Um croqui da Biblioteca Nacional de Brasilia, criado por ele, foi selecionado para ser exposto no portal da institui\u00e7\u00e3o.<\/p>\n<p>Em boa hora acatando recomenda\u00e7\u00e3o do MP, Munic\u00edpios da regi\u00e3o iniciaram, ades\u00e3o em bloco ao Minas Consciente. O efeito deve resultar em leve relaxamento em Juiz de Fora.<\/p>\n<p>A Paraibuna Embalagens entregou Kits de prote\u00e7\u00e3o para tr\u00eas cooperativas de catadores de recicl\u00e1veis de Juiz de Fora. Foram doados \u00e1gua sanit\u00e1ria, sabonete, detergente, sab\u00e3o em barra, \u00e1lcool em gel, mascaras e luvas.<\/p>\n<p>O Instituto de Latic\u00ednios C\u00e2ndido Tostes completou 85 anos. A escola que tem como chefe geral Sebasti\u00e3o Tavares de Rezende j\u00e1 formou 2.300 t\u00e9cnicos e mant\u00e9m conv\u00eanio com 300 empresas para est\u00e1gios e bolsas de estudo.<\/p>\n<p>Maria Helena Sleutjes da Editora Gryphon avisa que o escritor C\u00e9lio Freitas finalizou a obra \u201cAconteceu comigo\u201d com revis\u00e3o de Luiz Almeida e Daniela Belfort.<\/p>\n<p>O chef Ant\u00f4nio de P\u00e1dua Jun\u00e3o causa impacto com gastronomia deliciosa em delivery. Para encomendar: 9916885229.<\/p>\n<p>Pensando: \u201cNuma me senti s\u00f3 gosto de estar comigo mesmo. Sou a melhor forma de entretenimento que posso encontrar\u201d. (Charles Bukowski). Bom dia.<\/p>\n<p><img loading=\"lazy\" decoding=\"async\" class=\"aligncenter size-full wp-image-161074\" src=\"https:\/\/diarioregionaldigital.com.br\/wp-content\/uploads\/2020\/05\/anuncio06.jpg\" alt=\"\" width=\"3516\" height=\"1332\" srcset=\"https:\/\/diarioregionaldigital.com.br\/wp-content\/uploads\/2020\/05\/anuncio06.jpg 3516w, https:\/\/diarioregionaldigital.com.br\/wp-content\/uploads\/2020\/05\/anuncio06-300x114.jpg 300w, https:\/\/diarioregionaldigital.com.br\/wp-content\/uploads\/2020\/05\/anuncio06-768x291.jpg 768w, https:\/\/diarioregionaldigital.com.br\/wp-content\/uploads\/2020\/05\/anuncio06-1024x388.jpg 1024w, https:\/\/diarioregionaldigital.com.br\/wp-content\/uploads\/2020\/05\/anuncio06-360x136.jpg 360w\" sizes=\"auto, (max-width: 3516px) 100vw, 3516px\" \/><\/p>\n","protected":false},"excerpt":{"rendered":"<p>Humanidade Convictos de seu papel na sociedade, alunos e professores de hist\u00f3ria da UFJF est\u00e3o em tempo real na campanha Hist\u00f3ria Solid\u00e1ria onde cada alimentos e materiais de limpeza para doa\u00e7\u00e3o. Os produtos ser\u00e3o encaminhados ao Lar de Idosos Santa Luiz a de Marillac, al\u00e9m de fam\u00edlias em situa\u00e7\u00e3o de vulnerabilidade social. Moda Mesmo diante [&hellip;]<\/p>\n","protected":false},"author":96,"featured_media":161062,"comment_status":"closed","ping_status":"closed","sticky":false,"template":"","format":"standard","meta":{"footnotes":""},"categories":[264],"tags":[],"class_list":["post-161072","post","type-post","status-publish","format-standard","has-post-thumbnail","hentry","category-eduardo-gomes"],"_links":{"self":[{"href":"https:\/\/diarioregionaldigital.com.br\/index.php?rest_route=\/wp\/v2\/posts\/161072","targetHints":{"allow":["GET"]}}],"collection":[{"href":"https:\/\/diarioregionaldigital.com.br\/index.php?rest_route=\/wp\/v2\/posts"}],"about":[{"href":"https:\/\/diarioregionaldigital.com.br\/index.php?rest_route=\/wp\/v2\/types\/post"}],"author":[{"embeddable":true,"href":"https:\/\/diarioregionaldigital.com.br\/index.php?rest_route=\/wp\/v2\/users\/96"}],"replies":[{"embeddable":true,"href":"https:\/\/diarioregionaldigital.com.br\/index.php?rest_route=%2Fwp%2Fv2%2Fcomments&post=161072"}],"version-history":[{"count":0,"href":"https:\/\/diarioregionaldigital.com.br\/index.php?rest_route=\/wp\/v2\/posts\/161072\/revisions"}],"wp:featuredmedia":[{"embeddable":true,"href":"https:\/\/diarioregionaldigital.com.br\/index.php?rest_route=\/wp\/v2\/media\/161062"}],"wp:attachment":[{"href":"https:\/\/diarioregionaldigital.com.br\/index.php?rest_route=%2Fwp%2Fv2%2Fmedia&parent=161072"}],"wp:term":[{"taxonomy":"category","embeddable":true,"href":"https:\/\/diarioregionaldigital.com.br\/index.php?rest_route=%2Fwp%2Fv2%2Fcategories&post=161072"},{"taxonomy":"post_tag","embeddable":true,"href":"https:\/\/diarioregionaldigital.com.br\/index.php?rest_route=%2Fwp%2Fv2%2Ftags&post=161072"}],"curies":[{"name":"wp","href":"https:\/\/api.w.org\/{rel}","templated":true}]}}